{"id":532,"date":"2017-07-02T23:07:38","date_gmt":"2017-07-02T21:07:38","guid":{"rendered":"https:\/\/pflanzart.wordpress.com\/?p=532"},"modified":"2020-01-24T21:05:05","modified_gmt":"2020-01-24T21:05:05","slug":"die-landesgartenschau-bad-lippspringe-im-juli","status":"publish","type":"post","link":"https:\/\/pflanzart.de\/?p=532","title":{"rendered":"Sommerblumen- und Staudenmischungen bei der Landesgartenschau Bad Lippspringe"},"content":{"rendered":"<p>Am letzten Wochenende war ich wieder in Bad Lippspringe und habe mir die Pflanzungen angesehen. Jetzt steht alles in voller Bl\u00fcte. Sowohl die Stauden- als auch die Sommerblumenbeete haben sich wunderbar entwickelt und harmonieren gut miteinander. Ich war selbst von der \u00dcppigkeit der Beete ein wenig \u00fcberrascht.<br \/>\nDie Gestaltung von Wechselflorbeeten stellt f\u00fcr mich immer eine Herausforderung dar und sie birgt ja auch immer wieder einige Risiken die man bei Stauden so nicht hat. Zun\u00e4chst ist man viel st\u00e4rker an die Einhaltung der Anzucht- und Pflanzzeiten gebunden. Die Pflanzen werden ja in der Regel zur Anzucht in einem Gartenbaubetrieb ausgeschrieben. Das hei\u00dft der G\u00e4rtner kauft das Saatgut oder die Jungpflanzen (bei stecklingsvermehrten Sorten) im Herbst und Winter ein, s\u00e4t meist im zeitigen Fr\u00fchjahr aus und zieht bis zur Pflanzung an. Eine Woche \u00dcberschreitung der Frist kann da mitunter viel ausmachen. Entweder ist dann das Saatgut oder die Stecklinge nicht mehr zu bekommen oder die Pflanzen sind am Ende zu klein weil zu wenig Zeit f\u00fcr die Anzucht geblieben ist. Hinzu kommt bei der Planung die ich f\u00fcr Bad Lippspringe gemacht habe, das die Pflanzung sehr kleinteilig ist und daher von einigen Sorten nur wenige St\u00fcckzahlen erforderlich waren. Das macht die Aufzucht umso aufwendiger. Man braucht also einen sehr engagierten Gartenbaubetrieb der diese Arbeit mit viel Herzblut erbringt. Das war in diesem Fall die <a href=\"http:\/\/www.g\u00e4rtnerei-rodenbr\u00f6ker.de\/\"><em>G\u00e4rtnerei Rodenbr\u00f6ker<\/em><\/a> aus Paderborn. Die Anzahl der Gartenbaubetriebe die sich mit dieser aufwendigen Arbeit befassen wollen wird allerdings immer kleiner. Viele produzieren lieber gr\u00f6\u00dfere St\u00fcckzahlen von wenigen Sorten. Das sieht man auch zunehmend bei Gartenschauen, denn oftmals werden dann auch dort lieber grosse Mengen von weniger Sorten im wiederkehrenden Pflanzrhythmus verwendet.<br \/>\nAuch f\u00fcr die Pflanzung braucht es dann erfahrene G\u00e4rtner, die dann hier im Falle des Sommerflors noch vor der \u00d6ffnung f\u00fcr die Besucher am Morgen die Pflanzen in die Beete setzen. Daf\u00fcr bedarf es auch einer genauen Logistik, es sollen ja keine Fl\u00e4chen leer bleiben weil die falschen Pflanzen geordert wurden. Und auch die ausgeschriebenen St\u00fcckzahlen m\u00fcssen stimmen, denn eine Nachbestellung ist nicht m\u00f6glich. Es gibt also viele kleine Stolpersteine auf dem Weg zu einer gelungenen Wechselflorpflanzung.<br \/>\nDie Pflanzarbeiten Mitte bis Ende Mai hatte ich ja noch begleitet, jetzt habe ich nach&nbsp; einem reichlichen Monat dann das Ergebnis der Arbeit begutachten k\u00f6nnen und war dann auch ganz erfreut das alles weitestgehend dem geplanten Bild entsprach.&nbsp;<br \/>\n<img loading=\"lazy\" decoding=\"async\" class=\"aligncenter wp-image-570 size-large\" src=\"https:\/\/pflanzart.de\/wp-content\/uploads\/2017\/07\/bali3-1024x683.jpg\" alt=\"\" width=\"940\" height=\"627\" srcset=\"https:\/\/pflanzart.de\/wp-content\/uploads\/2017\/07\/bali3-1024x683.jpg 1024w, https:\/\/pflanzart.de\/wp-content\/uploads\/2017\/07\/bali3-790x527.jpg 790w, https:\/\/pflanzart.de\/wp-content\/uploads\/2017\/07\/bali3-300x200.jpg 300w, https:\/\/pflanzart.de\/wp-content\/uploads\/2017\/07\/bali3-768x512.jpg 768w, https:\/\/pflanzart.de\/wp-content\/uploads\/2017\/07\/bali3-940x627.jpg 940w, https:\/\/pflanzart.de\/wp-content\/uploads\/2017\/07\/bali3-900x600.jpg 900w, https:\/\/pflanzart.de\/wp-content\/uploads\/2017\/07\/bali3-440x294.jpg 440w, https:\/\/pflanzart.de\/wp-content\/uploads\/2017\/07\/bali3.jpg 1100w\" sizes=\"auto, (max-width: 940px) 100vw, 940px\" \/>Besonders angetan war ich von den rot-weissen Beeten gleich in der der N\u00e4he des Haupteinganges vor dem Parkhotel. Diese sind fl\u00e4chig in drei verschiedenen Mischungen aus Gr\u00e4sern und Sommerblumen bepflanzt. In der Mitte sitzen Tuffs von einfachbl\u00fchenden paeonienbl\u00fctigen Dahlien, hier die&nbsp;recht alte Dahlien-Sorte &#8216;Bishop of Llandaff&#8217;, sie stammt aus dem Jahre 1928 und hat leuchtend rote Bl\u00fcten auf dunklem Laub. Die einfachbl\u00fchenden Dahlien mag ich besonders, sie sind meist recht regenfest und auch bei Bienen und Hummeln sehr beliebt. Mit Gr\u00e4sern harmonieren sie wunderbar.<img loading=\"lazy\" decoding=\"async\" class=\"aligncenter wp-image-1158 size-large\" src=\"https:\/\/pflanzart.de\/wp-content\/uploads\/2017\/07\/bali2-1024x683.jpg\" alt=\"\" width=\"940\" height=\"627\" srcset=\"https:\/\/pflanzart.de\/wp-content\/uploads\/2017\/07\/bali2-1024x683.jpg 1024w, https:\/\/pflanzart.de\/wp-content\/uploads\/2017\/07\/bali2-790x527.jpg 790w, https:\/\/pflanzart.de\/wp-content\/uploads\/2017\/07\/bali2-300x200.jpg 300w, https:\/\/pflanzart.de\/wp-content\/uploads\/2017\/07\/bali2-768x512.jpg 768w, https:\/\/pflanzart.de\/wp-content\/uploads\/2017\/07\/bali2-940x627.jpg 940w, https:\/\/pflanzart.de\/wp-content\/uploads\/2017\/07\/bali2-900x600.jpg 900w, https:\/\/pflanzart.de\/wp-content\/uploads\/2017\/07\/bali2-440x294.jpg 440w, https:\/\/pflanzart.de\/wp-content\/uploads\/2017\/07\/bali2.jpg 1100w\" sizes=\"auto, (max-width: 940px) 100vw, 940px\" \/>Die mittleren Beete sind in der Farbkombination rot-weiss gehalten, zu den Seiten hin werden die Farben sanfter und gehen in rosa-weiss \u00fcber. <img loading=\"lazy\" decoding=\"async\" class=\"aligncenter wp-image-1169 size-large\" src=\"https:\/\/pflanzart.de\/wp-content\/uploads\/2017\/07\/bali15-1024x683.jpg\" alt=\"\" width=\"940\" height=\"627\" srcset=\"https:\/\/pflanzart.de\/wp-content\/uploads\/2017\/07\/bali15-1024x683.jpg 1024w, https:\/\/pflanzart.de\/wp-content\/uploads\/2017\/07\/bali15-790x527.jpg 790w, https:\/\/pflanzart.de\/wp-content\/uploads\/2017\/07\/bali15-300x200.jpg 300w, https:\/\/pflanzart.de\/wp-content\/uploads\/2017\/07\/bali15-768x512.jpg 768w, https:\/\/pflanzart.de\/wp-content\/uploads\/2017\/07\/bali15-940x627.jpg 940w, https:\/\/pflanzart.de\/wp-content\/uploads\/2017\/07\/bali15-900x600.jpg 900w, https:\/\/pflanzart.de\/wp-content\/uploads\/2017\/07\/bali15-440x294.jpg 440w, https:\/\/pflanzart.de\/wp-content\/uploads\/2017\/07\/bali15.jpg 1100w\" sizes=\"auto, (max-width: 940px) 100vw, 940px\" \/>Am direkt an die Wechselflorfl\u00e4che anschliessenden Sonnenhang zur Hotelterrasse hin wurden Stauden gepflanzt. Um keine farbliche Konkurrenz zum Sommerflor zu erhalten, wurden hier vor allem Gr\u00e4ser und Stauden in ruhigen T\u00f6nen gepflanzt. Einen Akzent setzen jetzt die weissen Bl\u00fctenschweife der Steppenkerzen (Eremurus).<img loading=\"lazy\" decoding=\"async\" class=\"aligncenter wp-image-1163 size-large\" src=\"https:\/\/pflanzart.de\/wp-content\/uploads\/2017\/07\/bali9-1024x683.jpg\" alt=\"\" width=\"940\" height=\"627\" srcset=\"https:\/\/pflanzart.de\/wp-content\/uploads\/2017\/07\/bali9-1024x683.jpg 1024w, https:\/\/pflanzart.de\/wp-content\/uploads\/2017\/07\/bali9-790x527.jpg 790w, https:\/\/pflanzart.de\/wp-content\/uploads\/2017\/07\/bali9-300x200.jpg 300w, https:\/\/pflanzart.de\/wp-content\/uploads\/2017\/07\/bali9-768x512.jpg 768w, https:\/\/pflanzart.de\/wp-content\/uploads\/2017\/07\/bali9-940x627.jpg 940w, https:\/\/pflanzart.de\/wp-content\/uploads\/2017\/07\/bali9-900x600.jpg 900w, https:\/\/pflanzart.de\/wp-content\/uploads\/2017\/07\/bali9-440x294.jpg 440w, https:\/\/pflanzart.de\/wp-content\/uploads\/2017\/07\/bali9.jpg 1100w\" sizes=\"auto, (max-width: 940px) 100vw, 940px\" \/>Auch in den Beeten in der Doppelwegeachse der Richtung Mersmannteiche verlaufenden Achse wurden verschiedene Sommerblumen in Mischungen kombiniert. Jeweils 3 bis 5 Sorten stehen in einer Fl\u00e4che. Hier L\u00f6wenmaul, Zinnie, Salbei und Ziertabak. Im Hintergrund Sonnenhut (Rudbeckia hirta).<\/p>\n<p>Die Planung des Wechselflors werde ich wohl in einem meiner sp\u00e4teren Beitr\u00e4ge noch einmal gesondert beschreiben&nbsp; und die verwendeten Sorten und Mischungen n\u00e4her erl\u00e4utern.<img loading=\"lazy\" decoding=\"async\" class=\"aligncenter wp-image-1166 size-large\" src=\"https:\/\/pflanzart.de\/wp-content\/uploads\/2017\/07\/bali12-1024x683.jpg\" alt=\"\" width=\"940\" height=\"627\" srcset=\"https:\/\/pflanzart.de\/wp-content\/uploads\/2017\/07\/bali12-1024x683.jpg 1024w, https:\/\/pflanzart.de\/wp-content\/uploads\/2017\/07\/bali12-790x527.jpg 790w, https:\/\/pflanzart.de\/wp-content\/uploads\/2017\/07\/bali12-300x200.jpg 300w, https:\/\/pflanzart.de\/wp-content\/uploads\/2017\/07\/bali12-768x512.jpg 768w, https:\/\/pflanzart.de\/wp-content\/uploads\/2017\/07\/bali12-940x627.jpg 940w, https:\/\/pflanzart.de\/wp-content\/uploads\/2017\/07\/bali12-900x600.jpg 900w, https:\/\/pflanzart.de\/wp-content\/uploads\/2017\/07\/bali12-440x294.jpg 440w, https:\/\/pflanzart.de\/wp-content\/uploads\/2017\/07\/bali12.jpg 1100w\" sizes=\"auto, (max-width: 940px) 100vw, 940px\" \/>In direktem Anschluss an die Wechselflorbeete folgen die drei gro\u00dfen Staudenb\u00e4nder welche in kr\u00e4ftigem rot-purpur-hellgelb gehalten sind. Die klassischen Beetstauden wie Gartensalbei (Salvia nemorosa &#8216;Amethyst&#8217;), Indianernessel (Monarda &#8216;Scorpion&#8217;) und erste Phloxe (Phlox oaniculata &#8216;D\u00fcsterlohe&#8217;) geben hier den Ton an. Im Beetvordergrund bl\u00fcht die Rote Sterndolde (Astrantia major &#8216;Abbey Road&#8217;). In der Beetmitte leuchtet die orange-gelbe Schafgarbe (Achillea &#8216;Walter Funcke&#8217;).<img loading=\"lazy\" decoding=\"async\" class=\"aligncenter wp-image-1179 size-large\" src=\"https:\/\/pflanzart.de\/wp-content\/uploads\/2017\/07\/astilben-1024x683.jpg\" alt=\"\" width=\"940\" height=\"627\" srcset=\"https:\/\/pflanzart.de\/wp-content\/uploads\/2017\/07\/astilben-1024x683.jpg 1024w, https:\/\/pflanzart.de\/wp-content\/uploads\/2017\/07\/astilben-790x527.jpg 790w, https:\/\/pflanzart.de\/wp-content\/uploads\/2017\/07\/astilben-300x200.jpg 300w, https:\/\/pflanzart.de\/wp-content\/uploads\/2017\/07\/astilben-768x512.jpg 768w, https:\/\/pflanzart.de\/wp-content\/uploads\/2017\/07\/astilben-940x627.jpg 940w, https:\/\/pflanzart.de\/wp-content\/uploads\/2017\/07\/astilben-900x600.jpg 900w, https:\/\/pflanzart.de\/wp-content\/uploads\/2017\/07\/astilben-440x294.jpg 440w, https:\/\/pflanzart.de\/wp-content\/uploads\/2017\/07\/astilben.jpg 1100w\" sizes=\"auto, (max-width: 940px) 100vw, 940px\" \/>In den Schattenbeeten bl\u00fchen die Astilben und Storchschnabel-Sorten. Hier die Astilbe Arendsii-Hybride &#8216;Brautschleier&#8217; zusammen mit Geranium Psilostemon-Hybride &#8216;Patricia&#8217;. Im Hintergrund einer der verl\u00e4sslichsten wintergr\u00fcnen Bodendecker f\u00fcr schattige Geh\u00f6lzrandsituationen, die Balkan-Wolfsmilch (Euphorbia amygdaloides var. robbiae).<\/p>\n<p>Die folgenden Bilder vergr\u00f6\u00dfern sich durch anklicken.<\/p>\n<div id=\"grid-gallery-3-56721\" data-gg-id=\"3\" data-title=\"BaliJuli\" data-grid-type=\"1\" data-offset=\"0\" data-area-position=\"center\" data-icons=\"\" data-preloader=\"true\" data-width=\"215\" data-height=\"\" data-padding=\"0\" data-quicksand=\"disabled\" data-quicksand-duration=\"none\" data-popup-theme=\"theme_6\" data-popup-type=\"pretty-photo\" data-popup-image-text=\"data-caption\" data-popup-widthsize=\"auto\" data-popup-heightsize=\"auto\" data-popup-i18n-words=\"{&quot;close&quot;:&quot;schlie\\u00dfen&quot;,&quot;next&quot;:&quot;n\\u00e4chste&quot;,&quot;previous&quot;:&quot;vorherige&quot;,&quot;start_slideshow&quot;:&quot;Starte Slideshow&quot;,&quot;stop_slideshow&quot;:&quot;Stoppe Slideshow&quot;,&quot;image&quot;:&quot;Bild&quot;,&quot;of&quot;:&quot;von&quot;,&quot;prev&quot;:&quot;vorherige&quot;,&quot;cExpand&quot;:&quot;Erweitere&quot;,&quot;cPrevious&quot;:&quot;Vorheriges&quot;,&quot;cNext&quot;:&quot;N\\u00e4chstes&quot;,&quot;cExpandStr&quot;:&quot;Erweitere Bild&quot;,&quot;cRotate&quot;:&quot;Rotate&quot;,&quot;cDetails&quot;:&quot;Details&quot;}\" data-popup-slideshow=\"false\" data-popup-slideshow-speed=\"2500\" data-popup-hoverstop=\"false\" data-popup-slideshow-auto=\"false\" data-popup-background=\"\" data-popup-transparency=\"30\" data-popup-disable-history=\"\" data-popup-disable-changed-url=\"\" data-popup-border-type=\"\" data-popup-border-color=\"\" data-popup-border-width=\"\" data-popup-border-enable=\"\" data-fullscreen=\"false\" data-hide-tooltip=\"false\" data-caption-font-family=\"Default\" data-caption-text-size=\"100\" data-is-mobile=\"0\" data-caption-mobile=\"false\" data-hide-long-tltp-title=\"0\" data-caption-disabled-on-mobile=\"false\" data-popup-placement-type=\"0\" data-social-sharing=\"{&quot;enabled&quot;:&quot;&quot;,&quot;gallerySharing&quot;:{&quot;enabled&quot;:null,&quot;position&quot;:null},&quot;imageSharing&quot;:{&quot;enabled&quot;:null,&quot;wrapperClass&quot;:&quot; vertical &quot;},&quot;popupSharing&quot;:{&quot;enabled&quot;:null,&quot;wrapperClass&quot;:&quot; vertical &quot;}}\" class=\"grid-gallery grid-gallery-fluid-height \" style=\" width:100%; height:auto; margin-left:auto; margin-right:auto;position:relative;\"> <div class=\"gallery-loading\"> <div class=\"blocks\"> <div class=\"block\"><\/div> <div class=\"block\"><\/div> <div class=\"block\"><\/div> <div class=\"block\"><\/div> <\/div> <\/div> <div class=\"gallery-sharing-top\" style=\"display:none;\"> <\/div> <div id=\"photos-3\" class=\"grid-gallery-photos\"><FIGURE class=\"grid-gallery-caption\" data-grid-gallery-type=\"quarter-slide-up\" data-index=\"0\" style=\"display:none;border-radius:00;; margin:0px; width:2150;\" ><div class=\"crop\" style=\"\"><img decoding=\"async\" src=\"https:\/\/pflanzart.de\/wp-content\/uploads\/2017\/07\/bali11-1-215x143.jpg\" class=\"ggImg\" alt=\"bali11\" title=\"bali11\" data-description=\"bali11\" data-caption=\"Hier \u00f6ffenen sich die srten Bl\u00fcten von Sidalcea malviflora &amp;#039;Elsie Heugh&amp;#039;, Stachys monnierii &amp;#039;Hummelo&amp;#039; und Echinacea paradoxa, \" data-title=\"bali11\" style=\" width:215px;\" \/><\/div><FIGCAPTION class=\"\" data-alpha=\"5\" style=\"color:#ffffff; background-color:#777c56; font-size:100; text-align:left; font-family:Default;\" ><div class=\"grid-gallery-figcaption-wrap\" style=\"\"><\/div><\/FIGCAPTION><\/FIGURE><FIGURE class=\"grid-gallery-caption\" data-grid-gallery-type=\"quarter-slide-up\" data-index=\"1\" style=\"display:none;border-radius:00;; margin:0px; width:2150;\" ><div class=\"crop\" style=\"\"><img decoding=\"async\" src=\"https:\/\/pflanzart.de\/wp-content\/uploads\/2017\/07\/bali17-215x143.jpg\" class=\"ggImg\" alt=\"bali17\" title=\"bali17\" data-description=\"bali17\" data-caption=\"Kleiner Mannstreu (Eryngium planum &amp;#039;Blaukappe&amp;#039; mit Monarda fistulosa &amp;#039;Pr\u00e4rienacht&amp;#039; die etwas trockenheitstoleranter ist als andere Monarden\" data-title=\"bali17\" style=\" width:215px;\" \/><\/div><FIGCAPTION class=\"\" data-alpha=\"5\" style=\"color:#ffffff; background-color:#777c56; font-size:100; text-align:left; font-family:Default;\" ><div class=\"grid-gallery-figcaption-wrap\" style=\"\"><\/div><\/FIGCAPTION><\/FIGURE><FIGURE class=\"grid-gallery-caption\" data-grid-gallery-type=\"quarter-slide-up\" data-index=\"2\" style=\"display:none;border-radius:00;; margin:0px; width:2150;\" ><div class=\"crop\" style=\"\"><img decoding=\"async\" src=\"https:\/\/pflanzart.de\/wp-content\/uploads\/2017\/07\/bali16-215x143.jpg\" class=\"ggImg\" alt=\"bali16\" title=\"bali16\" data-description=\"bali16\" data-caption=\"Penstemon barbatus &amp;#039;Coccineus&amp;#039;, Helenium Hybride &amp;#039;Rubinzwerg&amp;#039; mit Deschampsia cespitosa &amp;#039;Bronzeschleier&amp;#039; im Hintergrund\" data-title=\"bali16\" style=\" width:215px;\" \/><\/div><FIGCAPTION class=\"\" data-alpha=\"5\" style=\"color:#ffffff; background-color:#777c56; font-size:100; text-align:left; font-family:Default;\" ><div class=\"grid-gallery-figcaption-wrap\" style=\"\"><\/div><\/FIGCAPTION><\/FIGURE><FIGURE class=\"grid-gallery-caption\" data-grid-gallery-type=\"quarter-slide-up\" data-index=\"3\" style=\"display:none;border-radius:00;; margin:0px; width:2150;\" ><div class=\"crop\" style=\"\"><img decoding=\"async\" src=\"https:\/\/pflanzart.de\/wp-content\/uploads\/2017\/07\/bali14-215x143.jpg\" class=\"ggImg\" alt=\"bali14\" title=\"bali14\" data-description=\"bali14\" data-caption=\"Der Sonnenhang mit Sonnenkindern; keine grossen Unbekannten, eher Stuaden mit Gelinggarantie, da die Pflanzung erst im vergangenen Herbst erfolgte: Nepeta &amp;#039;Walkers Low&amp;#039;, Stachys byzantina, Pennisetum &amp;#039;Hameln&amp;#039; Eremurus\" data-title=\"bali14\" style=\" width:215px;\" \/><\/div><FIGCAPTION class=\"\" data-alpha=\"5\" style=\"color:#ffffff; background-color:#777c56; font-size:100; text-align:left; font-family:Default;\" ><div class=\"grid-gallery-figcaption-wrap\" style=\"\"><\/div><\/FIGCAPTION><\/FIGURE><FIGURE class=\"grid-gallery-caption\" data-grid-gallery-type=\"quarter-slide-up\" data-index=\"4\" style=\"display:none;border-radius:00;; margin:0px; width:2150;\" ><div class=\"crop\" style=\"\"><img decoding=\"async\" src=\"https:\/\/pflanzart.de\/wp-content\/uploads\/2017\/07\/bali13-215x143.jpg\" class=\"ggImg\" alt=\"bali13\" title=\"bali13\" data-description=\"bali13\" data-caption=\"Komplement\u00e4rkontrast: Achillea &amp;#039;Hannelore Pahl&amp;#039; in hellaprikot mit Stachys monieri &amp;#039;Hummelo&amp;#039; in purpurviolett\" data-title=\"bali13\" style=\" width:215px;\" \/><\/div><FIGCAPTION class=\"\" data-alpha=\"5\" style=\"color:#ffffff; background-color:#777c56; font-size:100; text-align:left; font-family:Default;\" ><div class=\"grid-gallery-figcaption-wrap\" style=\"\"><\/div><\/FIGCAPTION><\/FIGURE><FIGURE class=\"grid-gallery-caption\" data-grid-gallery-type=\"quarter-slide-up\" data-index=\"5\" style=\"display:none;border-radius:00;; margin:0px; width:2150;\" ><div class=\"crop\" style=\"\"><img decoding=\"async\" src=\"https:\/\/pflanzart.de\/wp-content\/uploads\/2017\/07\/bali10-215x143.jpg\" class=\"ggImg\" alt=\"bali10\" title=\"bali10\" data-description=\"bali10\" data-caption=\"Eine verspielte Gute-Laune-Mischung: Eremurus &amp;#039;Moneymaker&amp;#039;, Echinacea &amp;#039;Hot Papaya&amp;#039;, Echinacea &amp;#039;Orange Passion&amp;#039; und Penstemon barbatus &amp;#039;Coccineus&amp;#039;\" data-title=\"bali10\" style=\" width:215px;\" \/><\/div><FIGCAPTION class=\"\" data-alpha=\"5\" style=\"color:#ffffff; background-color:#777c56; font-size:100; text-align:left; font-family:Default;\" ><div class=\"grid-gallery-figcaption-wrap\" style=\"\"><\/div><\/FIGCAPTION><\/FIGURE><FIGURE class=\"grid-gallery-caption\" data-grid-gallery-type=\"quarter-slide-up\" data-index=\"6\" style=\"display:none;border-radius:00;; margin:0px; width:2150;\" ><div class=\"crop\" style=\"\"><img decoding=\"async\" src=\"https:\/\/pflanzart.de\/wp-content\/uploads\/2017\/07\/bali7-215x143.jpg\" class=\"ggImg\" alt=\"bali7\" title=\"bali7\" data-description=\"bali7\" data-caption=\"Die Steppenwolfsmilch (Euphorbia seguieriana ssp. niciciana) mit ihren gelbgr\u00fcnen Bl\u00fcten gibt ein sch\u00f6nes Farbspiel zusammen mit Steppen-Salbei (Salvia nemorosa &amp;#039;Caradonna&amp;#039;)\" data-title=\"bali7\" style=\" width:215px;\" \/><\/div><FIGCAPTION class=\"\" data-alpha=\"5\" style=\"color:#ffffff; background-color:#777c56; font-size:100; text-align:left; font-family:Default;\" ><div class=\"grid-gallery-figcaption-wrap\" style=\"\"><\/div><\/FIGCAPTION><\/FIGURE><FIGURE class=\"grid-gallery-caption\" data-grid-gallery-type=\"quarter-slide-up\" data-index=\"7\" style=\"display:none;border-radius:00;; margin:0px; width:2150;\" ><div class=\"crop\" style=\"\"><img decoding=\"async\" src=\"https:\/\/pflanzart.de\/wp-content\/uploads\/2017\/07\/bali6-215x143.jpg\" class=\"ggImg\" alt=\"bali6\" title=\"bali6\" data-description=\"bali6\" data-caption=\"Die Taglilie Hemerocallis Hybr. &amp;#039;Sweet Tanja&amp;#039; mit dem Orient-Lampenputzergras (Pennisetum orientale &amp;#039;Karley Rose&amp;#039;)\" data-title=\"bali6\" style=\" width:215px;\" \/><\/div><FIGCAPTION class=\"\" data-alpha=\"5\" style=\"color:#ffffff; background-color:#777c56; font-size:100; text-align:left; font-family:Default;\" ><div class=\"grid-gallery-figcaption-wrap\" style=\"\"><\/div><\/FIGCAPTION><\/FIGURE><FIGURE class=\"grid-gallery-caption\" data-grid-gallery-type=\"quarter-slide-up\" data-index=\"8\" style=\"display:none;border-radius:00;; margin:0px; width:2150;\" ><div class=\"crop\" style=\"\"><img decoding=\"async\" src=\"https:\/\/pflanzart.de\/wp-content\/uploads\/2017\/07\/bali5-215x143.jpg\" class=\"ggImg\" alt=\"bali5\" title=\"bali5\" data-description=\"bali5\" data-caption=\"Die rosa-weisse Prachtspiere (Astilbe &amp;#039;Grete Pr\u00fcngel) bl\u00fcht hier in einer Geh\u00f6lzrandpflanzung mit Balkan-Wolfsmilch (Euphorbia amygdaloides ssp. robbiae) und Hostas\" data-title=\"bali5\" style=\" width:215px;\" \/><\/div><FIGCAPTION class=\"\" data-alpha=\"5\" style=\"color:#ffffff; background-color:#777c56; font-size:100; text-align:left; font-family:Default;\" ><div class=\"grid-gallery-figcaption-wrap\" style=\"\"><\/div><\/FIGCAPTION><\/FIGURE><FIGURE class=\"grid-gallery-caption\" data-grid-gallery-type=\"quarter-slide-up\" data-index=\"9\" style=\"display:none;border-radius:00;; margin:0px; width:2150;\" ><div class=\"crop\" style=\"\"><img decoding=\"async\" src=\"https:\/\/pflanzart.de\/wp-content\/uploads\/2017\/08\/monarda_salvia-215x143.jpg\" class=\"ggImg\" alt=\"monarda_salvia\" title=\"monarda_salvia\" data-description=\"monarda_salvia\" data-caption=\"Kr\u00e4ftige Kontraste bietet diese blockhafte Pflanzung mit Monarda didyma &amp;#039;Squaw&amp;#039;, Salvia nemorosa &amp;#039;Amethyst&amp;#039; und Astilbe chinensis &amp;#039;Visions in Red&amp;#039; \" data-title=\"monarda_salvia\" style=\" width:215px;\" \/><\/div><FIGCAPTION class=\"\" data-alpha=\"5\" style=\"color:#ffffff; background-color:#777c56; font-size:100; text-align:left; font-family:Default;\" ><div class=\"grid-gallery-figcaption-wrap\" style=\"\"><\/div><\/FIGCAPTION><\/FIGURE><FIGURE class=\"grid-gallery-caption\" data-grid-gallery-type=\"quarter-slide-up\" data-index=\"10\" style=\"display:none;border-radius:00;; margin:0px; width:2150;\" ><div class=\"crop\" style=\"\"><img decoding=\"async\" src=\"https:\/\/pflanzart.de\/wp-content\/uploads\/2017\/09\/bali1-215x143.jpg\" class=\"ggImg\" alt=\"bali1\" title=\"bali1\" data-description=\"bali1\" data-caption=\"Die Wechselflorpflanzung vor dem Parkhotel wirkt wie eine bunte Blumenwiese\" data-title=\"bali1\" style=\" width:215px;\" \/><\/div><FIGCAPTION class=\"\" data-alpha=\"5\" style=\"color:#ffffff; background-color:#777c56; font-size:100; text-align:left; font-family:Default;\" ><div class=\"grid-gallery-figcaption-wrap\" style=\"\"><\/div><\/FIGCAPTION><\/FIGURE><FIGURE class=\"grid-gallery-caption\" data-grid-gallery-type=\"quarter-slide-up\" data-index=\"11\" style=\"display:none;border-radius:00;; margin:0px; width:2150;\" ><div class=\"crop\" style=\"\"><img decoding=\"async\" src=\"https:\/\/pflanzart.de\/wp-content\/uploads\/2017\/09\/KKP1-215x143.jpg\" class=\"ggImg\" alt=\"KKP1\" title=\"KKP1\" data-description=\"KKP1\" data-caption=\"Der einj\u00e4hrige Buntschopf-Salbei (Salvia viridis &amp;#039;White Swan&amp;#039;) bildet zusammen mit der M\u00e4hnengerste (Hordeum jubatum) und der Pompom-Dahlie &amp;#039;Franz Kafka&amp;#039; eine aparte Mischung\" data-title=\"KKP1\" style=\" width:215px;\" \/><\/div><FIGCAPTION class=\"\" data-alpha=\"5\" style=\"color:#ffffff; background-color:#777c56; font-size:100; text-align:left; font-family:Default;\" ><div class=\"grid-gallery-figcaption-wrap\" style=\"\"><\/div><\/FIGCAPTION><\/FIGURE> <div class=\"grid-gallery-clearfix\"><\/div> <\/div> <div class=\"gallery-sharing-bottom\" style=\"display:none;\"> <\/div> <div class=\"gallery-sharing-image\" style=\"display:none;\"> <\/div> <div class=\"gallery-sharing-popup\" style=\"display:none;\"> <\/div> <div class=\"grid-gallery-clearfix\"><\/div> <\/div> <!-- Gallery by Supsystic plugin1.16.0 --><a title=\"Gallery Wordpress\" style=\"display:none;\" href=\"https:\/\/supsystic.com\/plugins\/photo-gallery\/?utm_medium=love_link\" target=\"_blank\">Gallery Wordpress<\/a>\n<p><span style=\"border-radius: 2px; text-indent: 20px; width: auto; padding: 0px 4px 0px 0px; text-align: center; font: bold 11px\/20px 'Helvetica Neue',Helvetica,sans-serif; color: #ffffff; background: #bd081c no-repeat scroll 3px 50% \/ 14px 14px; position: absolute; opacity: 1; z-index: 8675309; display: none; cursor: pointer; top: 36px; left: 20px;\">Merken<\/span><\/p>\n<p><span style=\"border-radius: 2px; text-indent: 20px; width: auto; padding: 0px 4px 0px 0px; text-align: center; font: bold 11px\/20px 'Helvetica Neue',Helvetica,sans-serif; color: #ffffff; background: #bd081c no-repeat scroll 3px 50% \/ 14px 14px; position: absolute; opacity: 1; z-index: 8675309; display: none; cursor: pointer; top: 36px; left: 20px;\">Merken<\/span><\/p>\n<p><span style=\"border-radius: 2px; text-indent: 20px; width: auto; padding: 0px 4px 0px 0px; text-align: center; font: bold 11px\/20px 'Helvetica Neue',Helvetica,sans-serif; color: #ffffff; background: #bd081c no-repeat scroll 3px 50% \/ 14px 14px; position: absolute; opacity: 1; z-index: 8675309; display: none; cursor: pointer;\">Merken<\/span><\/p>\n<p><span style=\"border-radius: 2px; text-indent: 20px; width: auto; padding: 0px 4px 0px 0px; text-align: center; font: bold 11px\/20px 'Helvetica Neue',Helvetica,sans-serif; color: #ffffff; background: #bd081c no-repeat scroll 3px 50% \/ 14px 14px; position: absolute; opacity: 1; z-index: 8675309; display: none; cursor: pointer; top: 1517px; left: 20px;\">Merken<\/span><\/p>\n<p><span style=\"border-radius: 2px; text-indent: 20px; width: auto; padding: 0px 4px 0px 0px; text-align: center; font: bold 11px\/20px 'Helvetica Neue',Helvetica,sans-serif; color: #ffffff; background: #bd081c no-repeat scroll 3px 50% \/ 14px 14px; position: absolute; opacity: 1; z-index: 8675309; display: none; cursor: pointer; top: 1965px; left: 120px;\">Merken<\/span><\/p>\n<p><span style=\"border-radius: 2px; text-indent: 20px; width: auto; padding: 0px 4px 0px 0px; text-align: center; font: bold 11px\/20px 'Helvetica Neue',Helvetica,sans-serif; color: #ffffff; background: #bd081c no-repeat scroll 3px 50% \/ 14px 14px; position: absolute; opacity: 1; z-index: 8675309; display: none; cursor: pointer; top: 1965px; left: 120px;\">Merken<\/span><\/p>\n<p><span style=\"border-radius: 2px; text-indent: 20px; width: auto; padding: 0px 4px 0px 0px; text-align: center; font: bold 11px\/20px 'Helvetica Neue',Helvetica,sans-serif; color: #ffffff; background: #bd081c no-repeat scroll 3px 50% \/ 14px 14px; position: absolute; opacity: 1; z-index: 8675309; display: none; cursor: pointer; top: 2608px; left: 120px;\">Merken<\/span><\/p>\n<p><span style=\"border-radius: 2px; text-indent: 20px; width: auto; padding: 0px 4px 0px 0px; text-align: center; font: bold 11px\/20px 'Helvetica Neue',Helvetica,sans-serif; color: #ffffff; background: #bd081c no-repeat scroll 3px 50% \/ 14px 14px; position: absolute; opacity: 1; z-index: 8675309; display: none; cursor: pointer; top: 36px; left: 120px;\">Merken<\/span><\/p>\n<p><span style=\"border-radius: 2px; text-indent: 20px; width: auto; padding: 0px 4px 0px 0px; text-align: center; font: bold 11px\/20px 'Helvetica Neue',Helvetica,sans-serif; color: #ffffff; background: #bd081c no-repeat scroll 3px 50% \/ 14px 14px; position: absolute; opacity: 1; z-index: 8675309; display: none; cursor: pointer; top: 468px; left: 120px;\">Merken<\/span><\/p>\n<p><span style=\"border-radius: 2px; text-indent: 20px; width: auto; padding: 0px 4px 0px 0px; text-align: center; font: bold 11px\/20px 'Helvetica Neue',Helvetica,sans-serif; color: #ffffff; background: #bd081c no-repeat scroll 3px 50% \/ 14px 14px; position: absolute; opacity: 1; z-index: 8675309; display: none; cursor: pointer; top: 1914px; left: 120px;\">Merken<\/span><\/p>\n<p><span style=\"border-radius: 2px; text-indent: 20px; width: auto; padding: 0px 4px 0px 0px; text-align: center; font: bold 11px\/20px 'Helvetica Neue',Helvetica,sans-serif; color: #ffffff; background: #bd081c no-repeat scroll 3px 50% \/ 14px 14px; position: absolute; opacity: 1; z-index: 8675309; display: none; cursor: pointer; top: 2557px; left: 120px;\">Merken<\/span><\/p>\n<p><span style=\"border-radius: 2px; text-indent: 20px; width: auto; padding: 0px 4px 0px 0px; text-align: center; font: bold 11px\/20px 'Helvetica Neue',Helvetica,sans-serif; color: #ffffff; background: #bd081c no-repeat scroll 3px 50% \/ 14px 14px; position: absolute; opacity: 1; z-index: 8675309; display: none; cursor: pointer; top: 3280px; left: 120px;\">Merken<\/span><\/p>\n<p><span style=\"border-radius: 2px; text-indent: 20px; width: auto; padding: 0px 4px 0px 0px; text-align: center; font: bold 11px\/20px 'Helvetica Neue',Helvetica,sans-serif; color: #ffffff; background: #bd081c  no-repeat scroll 3px 50% \/ 14px 14px; position: absolute; opacity: 1; z-index: 8675309; display: none; cursor: pointer; top: 4027px; left: 120px;\">Merken<\/span><\/p>\n","protected":false},"excerpt":{"rendered":"<p>Am letzten Wochenende war ich wieder in Bad Lippspringe und habe mir die Pflanzungen angesehen. Jetzt steht alles in voller Bl\u00fcte. Sowohl die&hellip;<\/p>\n","protected":false},"author":1,"featured_media":588,"comment_status":"open","ping_status":"closed","sticky":false,"template":"","format":"standard","meta":{"footnotes":""},"categories":[10,9,52,11],"tags":[53,54,55,56],"class_list":["post-532","post","type-post","status-publish","format-standard","has-post-thumbnail","hentry","category-gaerten","category-pflanzenkombinationen","category-pflanzplanung","category-stauden","tag-pflanzplanung","tag-projekte","tag-stauden","tag-wechselflor"],"aioseo_notices":[],"_links":{"self":[{"href":"https:\/\/pflanzart.de\/index.php?rest_route=\/wp\/v2\/posts\/532","targetHints":{"allow":["GET"]}}],"collection":[{"href":"https:\/\/pflanzart.de\/index.php?rest_route=\/wp\/v2\/posts"}],"about":[{"href":"https:\/\/pflanzart.de\/index.php?rest_route=\/wp\/v2\/types\/post"}],"author":[{"embeddable":true,"href":"https:\/\/pflanzart.de\/index.php?rest_route=\/wp\/v2\/users\/1"}],"replies":[{"embeddable":true,"href":"https:\/\/pflanzart.de\/index.php?rest_route=%2Fwp%2Fv2%2Fcomments&post=532"}],"version-history":[{"count":0,"href":"https:\/\/pflanzart.de\/index.php?rest_route=\/wp\/v2\/posts\/532\/revisions"}],"wp:featuredmedia":[{"embeddable":true,"href":"https:\/\/pflanzart.de\/index.php?rest_route=\/wp\/v2\/media\/588"}],"wp:attachment":[{"href":"https:\/\/pflanzart.de\/index.php?rest_route=%2Fwp%2Fv2%2Fmedia&parent=532"}],"wp:term":[{"taxonomy":"category","embeddable":true,"href":"https:\/\/pflanzart.de\/index.php?rest_route=%2Fwp%2Fv2%2Fcategories&post=532"},{"taxonomy":"post_tag","embeddable":true,"href":"https:\/\/pflanzart.de\/index.php?rest_route=%2Fwp%2Fv2%2Ftags&post=532"}],"curies":[{"name":"wp","href":"https:\/\/api.w.org\/{rel}","templated":true}]}}