{"id":2530,"date":"2017-07-30T18:52:35","date_gmt":"2017-07-30T18:52:35","guid":{"rendered":"http:\/\/pflanzart.de\/?p=2530"},"modified":"2019-08-03T19:37:19","modified_gmt":"2019-08-03T19:37:19","slug":"das-war-der-garten-im-juli","status":"publish","type":"post","link":"https:\/\/pflanzart.de\/?p=2530","title":{"rendered":"Das war der Garten im Juli"},"content":{"rendered":"<div data-blogger-escaped-style=\"text-align: justify;\">\n<p>Leider ist der Sommer in diesem Jahr hier im Norden ja so gar kein Gartensommer. So viel wie es bisher schon in diesem Jahr geregnet hat, das ist schon aussergew\u00f6hnlich. Zumindest hat man dadurch keine Arbeit mit dem Giessen. Aber vielen meiner nach dem letzten recht trockenen Sommer gepflanzten Prairiestauden ist das eindeutig zu nass. Wenn sie nicht von den Schnecken verspeist wurden, so sind sie von Pilzen (Grauschimmel und Rost) befallen.<\/p>\n<p>Vor allem tun sich auch meine geliebten Rosen schwer, der st\u00e4ndige Regen l\u00e4sst die Bl\u00fcten braun werden und selbst robuste Sorten werden von Sternru\u00dftau befallen. Aber wie die folgenden Bilder zeigen, kommen auch einige Pflanzen gerade mit der N\u00e4sse gut zurecht.&nbsp;<\/p>\n<p>Das sind vor allem meine Phloxe, aber auch die Monarden &#8211; hier Monarda &#8216;Jacob Cline&#8217;- scheinen die Witterung zu m\u00f6gen. Angelica sylvestris &#8211; links im Bild &#8211; bevorzugt ebenfalls feuchtere Standorte und gedeiht dann umso \u00fcppiger und ihre Bl\u00fctendolden zieren auch im verbl\u00fchten Zustand noch das Beet. Sie lockt auch eine Vielzahl von Insekten an. Nur vor den Schnecken muss sie im Fr\u00fchjahr gesch\u00fctzt werden. Diese m\u00f6gen offenbar die saftigen St\u00e4ngel und Bl\u00e4tter, die auch f\u00fcr Salate oder als Gem\u00fcse verwendet werden k\u00f6nnen.<\/p>\n<p><img loading=\"lazy\" decoding=\"async\" class=\"aligncenter size-full wp-image-2532\" src=\"https:\/\/pflanzart.de\/wp-content\/uploads\/2018\/04\/Garten08.jpg\" alt=\"\" width=\"1100\" height=\"734\" srcset=\"https:\/\/pflanzart.de\/wp-content\/uploads\/2018\/04\/Garten08.jpg 1100w, https:\/\/pflanzart.de\/wp-content\/uploads\/2018\/04\/Garten08-790x527.jpg 790w, https:\/\/pflanzart.de\/wp-content\/uploads\/2018\/04\/Garten08-300x200.jpg 300w, https:\/\/pflanzart.de\/wp-content\/uploads\/2018\/04\/Garten08-768x512.jpg 768w, https:\/\/pflanzart.de\/wp-content\/uploads\/2018\/04\/Garten08-1024x683.jpg 1024w, https:\/\/pflanzart.de\/wp-content\/uploads\/2018\/04\/Garten08-940x627.jpg 940w, https:\/\/pflanzart.de\/wp-content\/uploads\/2018\/04\/Garten08-900x600.jpg 900w, https:\/\/pflanzart.de\/wp-content\/uploads\/2018\/04\/Garten08-440x294.jpg 440w\" sizes=\"auto, (max-width: 1100px) 100vw, 1100px\" \/><\/p>\n<p>Lythrum salicaria bevorzugt ja als Sumpfstaude sowieso gern feuchte Standorte und w\u00e4chst in diesem Jahr umso \u00fcppiger. Auch Veronicastrum gedeiht pr\u00e4chtig und in den Regenpausen freuen sich die Bienen und Hummeln \u00fcber das \u00fcppige Bl\u00fctenangebot.<\/p>\n<p><img loading=\"lazy\" decoding=\"async\" class=\"aligncenter size-full wp-image-2533\" src=\"https:\/\/pflanzart.de\/wp-content\/uploads\/2018\/04\/Garten05.jpg\" alt=\"\" width=\"1100\" height=\"734\" srcset=\"https:\/\/pflanzart.de\/wp-content\/uploads\/2018\/04\/Garten05.jpg 1100w, https:\/\/pflanzart.de\/wp-content\/uploads\/2018\/04\/Garten05-790x527.jpg 790w, https:\/\/pflanzart.de\/wp-content\/uploads\/2018\/04\/Garten05-300x200.jpg 300w, https:\/\/pflanzart.de\/wp-content\/uploads\/2018\/04\/Garten05-768x512.jpg 768w, https:\/\/pflanzart.de\/wp-content\/uploads\/2018\/04\/Garten05-1024x683.jpg 1024w, https:\/\/pflanzart.de\/wp-content\/uploads\/2018\/04\/Garten05-940x627.jpg 940w, https:\/\/pflanzart.de\/wp-content\/uploads\/2018\/04\/Garten05-900x600.jpg 900w, https:\/\/pflanzart.de\/wp-content\/uploads\/2018\/04\/Garten05-440x294.jpg 440w\" sizes=\"auto, (max-width: 1100px) 100vw, 1100px\" \/><\/p>\n<p>Die Bodendeckerrose &#8216;The Fairy&#8217; mit ihren grossen Bl\u00fctenrispen ist unverw\u00fcstlich und trotzt auch lang anhaltenden Regeng\u00fcssen. Zusammen mit dem Phlox paniculata &#8216;Bright Eyes&#8217; und Stachys monieri &#8216;Hummelo&#8217; bildet sie \u00fcber den ganzen Sommer einen robusten Bl\u00fchtenschwerpunkt im Beet.<\/p>\n<p><img loading=\"lazy\" decoding=\"async\" class=\"aligncenter size-full wp-image-2534\" src=\"https:\/\/pflanzart.de\/wp-content\/uploads\/2018\/04\/Garten04.jpg\" alt=\"\" width=\"1100\" height=\"734\" srcset=\"https:\/\/pflanzart.de\/wp-content\/uploads\/2018\/04\/Garten04.jpg 1100w, https:\/\/pflanzart.de\/wp-content\/uploads\/2018\/04\/Garten04-790x527.jpg 790w, https:\/\/pflanzart.de\/wp-content\/uploads\/2018\/04\/Garten04-300x200.jpg 300w, https:\/\/pflanzart.de\/wp-content\/uploads\/2018\/04\/Garten04-768x512.jpg 768w, https:\/\/pflanzart.de\/wp-content\/uploads\/2018\/04\/Garten04-1024x683.jpg 1024w, https:\/\/pflanzart.de\/wp-content\/uploads\/2018\/04\/Garten04-940x627.jpg 940w, https:\/\/pflanzart.de\/wp-content\/uploads\/2018\/04\/Garten04-900x600.jpg 900w, https:\/\/pflanzart.de\/wp-content\/uploads\/2018\/04\/Garten04-440x294.jpg 440w\" sizes=\"auto, (max-width: 1100px) 100vw, 1100px\" \/><\/p>\n<p>F\u00fcr viel Regen ebenfalls dankbar und umso \u00fcppiger sind die Hostas und Astilben. Clematis intergrifolia &#8211; die kleine Stauden-Waldrebe rechts im Bild &#8211; ist sehr robust und kommt mit unterschiedlichen Standorten zurecht. Sie ist sehr langlebig und kann auch wunderbar als Schnittblume verwendet werden. Bei mir gedeiht sie sowohl in der Sonne als auch im Halbschatten und ben\u00f6tigt auch wenn die Witterung trocken ist kaum zus\u00e4tzliches Wasser.<\/p>\n<p><img loading=\"lazy\" decoding=\"async\" class=\"aligncenter size-full wp-image-2535\" src=\"https:\/\/pflanzart.de\/wp-content\/uploads\/2018\/04\/Garten03.jpg\" alt=\"\" width=\"1100\" height=\"734\" srcset=\"https:\/\/pflanzart.de\/wp-content\/uploads\/2018\/04\/Garten03.jpg 1100w, https:\/\/pflanzart.de\/wp-content\/uploads\/2018\/04\/Garten03-790x527.jpg 790w, https:\/\/pflanzart.de\/wp-content\/uploads\/2018\/04\/Garten03-300x200.jpg 300w, https:\/\/pflanzart.de\/wp-content\/uploads\/2018\/04\/Garten03-768x512.jpg 768w, https:\/\/pflanzart.de\/wp-content\/uploads\/2018\/04\/Garten03-1024x683.jpg 1024w, https:\/\/pflanzart.de\/wp-content\/uploads\/2018\/04\/Garten03-940x627.jpg 940w, https:\/\/pflanzart.de\/wp-content\/uploads\/2018\/04\/Garten03-900x600.jpg 900w, https:\/\/pflanzart.de\/wp-content\/uploads\/2018\/04\/Garten03-440x294.jpg 440w\" sizes=\"auto, (max-width: 1100px) 100vw, 1100px\" \/><\/p>\n<p>\u00dcberrascht haben mich in diesem Jahr die Stockrosen. Sie s\u00e4en sich in meinem Garten \u00fcberall aus und ich pflanze sie dann meist um, weil sie zum Beispiel bevorzugt in den Kanten der Hochbeete wachsen wollen und ich dann nicht mehr die wege benutzen kann. Eigentlich m\u00f6gen sie auch keine allzu h\u00e4ufigen Regeng\u00fcsse und bekommen dann gern Malvenrost, aber in diesem Jahr sehen sie sehr gesund und \u00fcppig aus.<\/p>\n<p>Und hier noch ein paar Details zum Anklicken:<\/p>\n<div id=\"grid-gallery-29-15205\" data-gg-id=\"29\" data-title=\"GartenJuni2017\" data-grid-type=\"1\" data-offset=\"0\" data-area-position=\"center\" data-icons=\"\" data-preloader=\"true\" data-width=\"215\" data-height=\"\" data-padding=\"0\" data-quicksand=\"disabled\" data-quicksand-duration=\"none\" data-popup-theme=\"theme_6\" data-popup-type=\"pretty-photo\" data-popup-image-text=\"data-caption\" data-popup-widthsize=\"auto\" data-popup-heightsize=\"auto\" data-popup-i18n-words=\"{&quot;close&quot;:&quot;schlie\\u00dfen&quot;,&quot;next&quot;:&quot;n\\u00e4chste&quot;,&quot;previous&quot;:&quot;vorherige&quot;,&quot;start_slideshow&quot;:&quot;Starte Slideshow&quot;,&quot;stop_slideshow&quot;:&quot;Stoppe Slideshow&quot;,&quot;image&quot;:&quot;Bild&quot;,&quot;of&quot;:&quot;von&quot;,&quot;prev&quot;:&quot;vorherige&quot;,&quot;cExpand&quot;:&quot;Erweitere&quot;,&quot;cPrevious&quot;:&quot;Vorheriges&quot;,&quot;cNext&quot;:&quot;N\\u00e4chstes&quot;,&quot;cExpandStr&quot;:&quot;Erweitere Bild&quot;,&quot;cRotate&quot;:&quot;Rotate&quot;,&quot;cDetails&quot;:&quot;Details&quot;}\" data-popup-slideshow=\"false\" data-popup-slideshow-speed=\"2500\" data-popup-hoverstop=\"true\" data-popup-slideshow-auto=\"false\" data-popup-background=\"\" data-popup-transparency=\"30\" data-popup-disable-history=\"\" data-popup-disable-changed-url=\"\" data-popup-border-type=\"\" data-popup-border-color=\"\" data-popup-border-width=\"\" data-popup-border-enable=\"\" data-fullscreen=\"false\" data-hide-tooltip=\"false\" data-caption-font-family=\"Default\" data-caption-text-size=\"100\" data-is-mobile=\"0\" data-caption-mobile=\"false\" data-hide-long-tltp-title=\"0\" data-caption-disabled-on-mobile=\"false\" data-popup-placement-type=\"0\" data-social-sharing=\"{&quot;enabled&quot;:&quot;&quot;,&quot;gallerySharing&quot;:{&quot;enabled&quot;:null,&quot;position&quot;:null},&quot;imageSharing&quot;:{&quot;enabled&quot;:null,&quot;wrapperClass&quot;:&quot; vertical &quot;},&quot;popupSharing&quot;:{&quot;enabled&quot;:null,&quot;wrapperClass&quot;:&quot; vertical &quot;}}\" class=\"grid-gallery grid-gallery-fluid-height \" style=\" width:100%; height:auto; margin-left:auto; margin-right:auto;position:relative;\"> <div class=\"gallery-loading\"> <div class=\"blocks\"> <div class=\"block\"><\/div> <div class=\"block\"><\/div> <div class=\"block\"><\/div> <div class=\"block\"><\/div> <\/div> <\/div> <div class=\"gallery-sharing-top\" style=\"display:none;\"> <\/div> <div id=\"photos-29\" class=\"grid-gallery-photos\"><FIGURE class=\"grid-gallery-caption\" data-grid-gallery-type=\"quarter-slide-up\" data-index=\"0\" style=\"display:none;border-radius:00;; margin:0px; width:2150;\" ><div class=\"crop\" style=\"\"><img decoding=\"async\" src=\"https:\/\/pflanzart.de\/wp-content\/uploads\/2018\/04\/GrahamThomas-1-215x285.jpg\" class=\"ggImg\" alt=\"rosa graham thomas\" title=\"Staudenclematis Clematis recta und Englische Rose &amp;#039;Graham Thomas&amp;#039;\" data-description=\"Staudenclematis Clematis recta und Englische Rose &amp;#039;Graham Thomas&amp;#039;\" data-caption=\"Die Englische Rose &amp;#039;Graham Thomas&amp;#039; zusammen mit Staudenclematis Clematis recta\" data-title=\"GrahamThomas\" style=\" width:215px;\" \/><\/div><FIGCAPTION class=\"\" data-alpha=\"5\" style=\"color:#ffffff; background-color:#0a076d; font-size:100; text-align:left; font-family:Default;\" ><div class=\"grid-gallery-figcaption-wrap\" style=\"\"><\/div><\/FIGCAPTION><\/FIGURE><FIGURE class=\"grid-gallery-caption\" data-grid-gallery-type=\"quarter-slide-up\" data-index=\"1\" style=\"display:none;border-radius:00;; margin:0px; width:2150;\" ><div class=\"crop\" style=\"\"><img decoding=\"async\" src=\"https:\/\/pflanzart.de\/wp-content\/uploads\/2018\/04\/geranium-patricia-215x143.jpg\" class=\"ggImg\" alt=\"geranium patricia\" title=\"geranium patricia\" data-description=\"geranium patricia\" data-caption=\"Eines meiner liebsten weil unerm\u00fcdlich bl\u00fchend bei jedem Wetter: Geranium psilostemon &amp;#039;Patricia&amp;#039;\" data-title=\"geranium patricia\" style=\" width:215px;\" \/><\/div><FIGCAPTION class=\"\" data-alpha=\"5\" style=\"color:#ffffff; background-color:#0a076d; font-size:100; text-align:left; font-family:Default;\" ><div class=\"grid-gallery-figcaption-wrap\" style=\"\"><\/div><\/FIGCAPTION><\/FIGURE><FIGURE class=\"grid-gallery-caption\" data-grid-gallery-type=\"quarter-slide-up\" data-index=\"2\" style=\"display:none;border-radius:00;; margin:0px; width:2150;\" ><div class=\"crop\" style=\"\"><img decoding=\"async\" src=\"https:\/\/pflanzart.de\/wp-content\/uploads\/2018\/04\/thalictrum-215x143.jpg\" class=\"ggImg\" alt=\"thalictrum\" title=\"thalictrum\" data-description=\"thalictrum\" data-caption=\"Die Bl\u00fcten der Wiesenraute Thalictrum delavayi &amp;#039;Splendid&amp;#039; schweben im Beet \" data-title=\"thalictrum\" style=\" width:215px;\" \/><\/div><FIGCAPTION class=\"\" data-alpha=\"5\" style=\"color:#ffffff; background-color:#0a076d; font-size:100; text-align:left; font-family:Default;\" ><div class=\"grid-gallery-figcaption-wrap\" style=\"\"><\/div><\/FIGCAPTION><\/FIGURE><FIGURE class=\"grid-gallery-caption\" data-grid-gallery-type=\"quarter-slide-up\" data-index=\"3\" style=\"display:none;border-radius:00;; margin:0px; width:2150;\" ><div class=\"crop\" style=\"\"><img decoding=\"async\" src=\"https:\/\/pflanzart.de\/wp-content\/uploads\/2018\/04\/papaver-215x143.jpg\" class=\"ggImg\" alt=\"papaver\" title=\"papaver\" data-description=\"papaver\" data-caption=\"Der Staudenmohn Papaver orientale &amp;#039;Helen Elizabeth&amp;#039; hat viele Knospen gebildet.\" data-title=\"papaver\" style=\" width:215px;\" \/><\/div><FIGCAPTION class=\"\" data-alpha=\"5\" style=\"color:#ffffff; background-color:#0a076d; font-size:100; text-align:left; font-family:Default;\" ><div class=\"grid-gallery-figcaption-wrap\" style=\"\"><\/div><\/FIGCAPTION><\/FIGURE><FIGURE class=\"grid-gallery-caption\" data-grid-gallery-type=\"quarter-slide-up\" data-index=\"4\" style=\"display:none;border-radius:00;; margin:0px; width:2150;\" ><div class=\"crop\" style=\"\"><img decoding=\"async\" src=\"https:\/\/pflanzart.de\/wp-content\/uploads\/2018\/04\/Garten10-215x143.jpg\" class=\"ggImg\" alt=\"Garten10\" title=\"Garten10\" data-description=\"Garten10\" data-caption=\"Blick ins gro\u00dfe Staudenbeet, Veronicastrum virginicum &amp;#039;Lavendelturm&amp;#039; beginnt Ende Juni mit der Bl\u00fcte\" data-title=\"Garten10\" style=\" width:215px;\" \/><\/div><FIGCAPTION class=\"\" data-alpha=\"5\" style=\"color:#ffffff; background-color:#0a076d; font-size:100; text-align:left; font-family:Default;\" ><div class=\"grid-gallery-figcaption-wrap\" style=\"\"><\/div><\/FIGCAPTION><\/FIGURE><FIGURE class=\"grid-gallery-caption\" data-grid-gallery-type=\"quarter-slide-up\" data-index=\"5\" style=\"display:none;border-radius:00;; margin:0px; width:2150;\" ><div class=\"crop\" style=\"\"><img decoding=\"async\" src=\"https:\/\/pflanzart.de\/wp-content\/uploads\/2018\/04\/Garten12-215x143.jpg\" class=\"ggImg\" alt=\"Garten12\" title=\"Garten12\" data-description=\"Garten12\" data-caption=\"Ende Mai wird das Beet noch von Bartiris dominiert\" data-title=\"Garten12\" style=\" width:215px;\" \/><\/div><FIGCAPTION class=\"\" data-alpha=\"5\" style=\"color:#ffffff; background-color:#0a076d; font-size:100; text-align:left; font-family:Default;\" ><div class=\"grid-gallery-figcaption-wrap\" style=\"\"><\/div><\/FIGCAPTION><\/FIGURE><FIGURE class=\"grid-gallery-caption\" data-grid-gallery-type=\"quarter-slide-up\" data-index=\"6\" style=\"display:none;border-radius:00;; margin:0px; width:2150;\" ><div class=\"crop\" style=\"\"><img decoding=\"async\" src=\"https:\/\/pflanzart.de\/wp-content\/uploads\/2018\/02\/Iris_Flourish-215x143.jpg\" class=\"ggImg\" alt=\"Iris_Flourish\" title=\"Iris_Flourish\" data-description=\"Iris_Flourish\" data-caption=\"Iris barbata-Eliator &#039;Flourish&#039;\" data-title=\"Iris_Flourish\" style=\" width:215px;\" \/><\/div><FIGCAPTION class=\"\" data-alpha=\"5\" style=\"color:#ffffff; background-color:#0a076d; font-size:100; text-align:left; font-family:Default;\" ><div class=\"grid-gallery-figcaption-wrap\" style=\"\"><\/div><\/FIGCAPTION><\/FIGURE><FIGURE class=\"grid-gallery-caption\" data-grid-gallery-type=\"quarter-slide-up\" data-index=\"7\" style=\"display:none;border-radius:00;; margin:0px; width:2150;\" ><div class=\"crop\" style=\"\"><img decoding=\"async\" src=\"https:\/\/pflanzart.de\/wp-content\/uploads\/2018\/03\/allium_Globemaster-215x143.jpg\" class=\"ggImg\" alt=\"allium_Globemaster\" title=\"allium_Globemaster\" data-description=\"allium_Globemaster\" data-caption=\"Kugellauch Allium &amp;#039;Globemaster&amp;#039; und Katzenminze Nepeta fassenii &amp;#039;Walkers Low&amp;#039;\" data-title=\"allium_Globemaster\" style=\" width:215px;\" \/><\/div><FIGCAPTION class=\"\" data-alpha=\"5\" style=\"color:#ffffff; background-color:#0a076d; font-size:100; text-align:left; font-family:Default;\" ><div class=\"grid-gallery-figcaption-wrap\" style=\"\"><\/div><\/FIGCAPTION><\/FIGURE> <div class=\"grid-gallery-clearfix\"><\/div> <\/div> <div class=\"gallery-sharing-bottom\" style=\"display:none;\"> <\/div> <div class=\"gallery-sharing-image\" style=\"display:none;\"> <\/div> <div class=\"gallery-sharing-popup\" style=\"display:none;\"> <\/div> <div class=\"grid-gallery-clearfix\"><\/div> <\/div> <!-- Gallery by Supsystic plugin1.16.0 --><a title=\"Gallery Wordpress\" style=\"display:none;\" href=\"https:\/\/supsystic.com\/plugins\/photo-gallery\/?utm_medium=love_link\" target=\"_blank\">Gallery Wordpress<\/a>\n<p>Einen guten Start in die Woche w\u00fcnsche ich Euch.<\/p>\n<\/div>\n","protected":false},"excerpt":{"rendered":"<p>Leider ist der Sommer in diesem Jahr hier im Norden ja so gar kein Gartensommer. So viel wie es bisher schon in diesem&hellip;<\/p>\n","protected":false},"author":1,"featured_media":2531,"comment_status":"open","ping_status":"closed","sticky":false,"template":"","format":"standard","meta":{"footnotes":""},"categories":[20,41],"tags":[55,42],"class_list":["post-2530","post","type-post","status-publish","format-standard","has-post-thumbnail","hentry","category-garten","category-sommer","tag-stauden","tag-staudenbeet"],"aioseo_notices":[],"_links":{"self":[{"href":"https:\/\/pflanzart.de\/index.php?rest_route=\/wp\/v2\/posts\/2530","targetHints":{"allow":["GET"]}}],"collection":[{"href":"https:\/\/pflanzart.de\/index.php?rest_route=\/wp\/v2\/posts"}],"about":[{"href":"https:\/\/pflanzart.de\/index.php?rest_route=\/wp\/v2\/types\/post"}],"author":[{"embeddable":true,"href":"https:\/\/pflanzart.de\/index.php?rest_route=\/wp\/v2\/users\/1"}],"replies":[{"embeddable":true,"href":"https:\/\/pflanzart.de\/index.php?rest_route=%2Fwp%2Fv2%2Fcomments&post=2530"}],"version-history":[{"count":0,"href":"https:\/\/pflanzart.de\/index.php?rest_route=\/wp\/v2\/posts\/2530\/revisions"}],"wp:featuredmedia":[{"embeddable":true,"href":"https:\/\/pflanzart.de\/index.php?rest_route=\/wp\/v2\/media\/2531"}],"wp:attachment":[{"href":"https:\/\/pflanzart.de\/index.php?rest_route=%2Fwp%2Fv2%2Fmedia&parent=2530"}],"wp:term":[{"taxonomy":"category","embeddable":true,"href":"https:\/\/pflanzart.de\/index.php?rest_route=%2Fwp%2Fv2%2Fcategories&post=2530"},{"taxonomy":"post_tag","embeddable":true,"href":"https:\/\/pflanzart.de\/index.php?rest_route=%2Fwp%2Fv2%2Ftags&post=2530"}],"curies":[{"name":"wp","href":"https:\/\/api.w.org\/{rel}","templated":true}]}}