{"id":2160,"date":"2018-03-06T21:55:58","date_gmt":"2018-03-06T21:55:58","guid":{"rendered":"http:\/\/pflanzart.de\/?p=2160"},"modified":"2020-01-24T18:43:35","modified_gmt":"2020-01-24T18:43:35","slug":"das-kamelienschloss-zuschendorf-eine-ausserordentliche-botanische-sammlung","status":"publish","type":"post","link":"https:\/\/pflanzart.de\/?p=2160","title":{"rendered":"Das Kamelienschloss Zuschendorf &#8211; eine ausserordentliche Botanische Sammlung"},"content":{"rendered":"<p><strong>Die Gew\u00e4chsh\u00e4user des Landschlosses Zuschendorf beherbergen eine Botanische Kostbarkeit der besonderen Art und erz\u00e4hlen von der Geschichte einer Dresdner G\u00e4rtnerdynastie deren Erfolg mit der Zucht von Kamelien begr\u00fcndet wurde.<\/strong><\/p>\n<p>Nachdem in der vergangenen Woche Kahlfrost mit bis zu -15\u00b0C meinen Garten in Schockstarre versetzt hat bieten die schlaff am Boden liegenden Fr\u00fchlingsbl\u00fcher einen eher unerfreulichen Anblick. Dieser Anblick versetzt mich immer wieder in Unruhe, auch wenn diese Strategie der Pflanzen das Wasser aus den Zellen zu pumpen durchaus sinnvoll erscheint, sie sehen dann einfach zu erb\u00e4rmlich aus.<br \/>\nUm diesem Eindruck zu entfliehen bietet sich jetzt Anfang M\u00e4rz ein Besuch der Gew\u00e4chsh\u00e4user des Kamelienschlosses in Zuschendorf an. Auch wenn von Berlin aus die Anreise gute zweieinhalb Stunden dauert, f\u00fcr mich l\u00e4utet diese den Start in die Gartensaison ein.<br \/>\nDas Landschloss mit dem umgebenden Landschaftspark liegt malerisch im Seidewitztal bei Pirna in Sachsen. Der Park pr\u00e4sentiert sich noch in winterlichen Farben, aber in den historischen Gew\u00e4chsh\u00e4usern an den H\u00e4ngen \u00f6ffnen bereits Anfang M\u00e4rz die ersten Kamelien ihre pr\u00e4chtigen Bl\u00fcten. F\u00fcr mich ist dieser Park mit seinen Gew\u00e4chsh\u00e4usern ein besonderes Kleinod, auch wegen der Geschichte der Dresdner Gartenkultur die dahinter steht.<\/p>\n<p><img loading=\"lazy\" decoding=\"async\" class=\"aligncenter size-full wp-image-2311\" src=\"https:\/\/pflanzart.de\/wp-content\/uploads\/2018\/03\/zuschendorf13.jpg\" alt=\"\" width=\"1100\" height=\"734\" srcset=\"https:\/\/pflanzart.de\/wp-content\/uploads\/2018\/03\/zuschendorf13.jpg 1100w, https:\/\/pflanzart.de\/wp-content\/uploads\/2018\/03\/zuschendorf13-790x527.jpg 790w, https:\/\/pflanzart.de\/wp-content\/uploads\/2018\/03\/zuschendorf13-300x200.jpg 300w, https:\/\/pflanzart.de\/wp-content\/uploads\/2018\/03\/zuschendorf13-768x512.jpg 768w, https:\/\/pflanzart.de\/wp-content\/uploads\/2018\/03\/zuschendorf13-1024x683.jpg 1024w, https:\/\/pflanzart.de\/wp-content\/uploads\/2018\/03\/zuschendorf13-940x627.jpg 940w, https:\/\/pflanzart.de\/wp-content\/uploads\/2018\/03\/zuschendorf13-900x600.jpg 900w, https:\/\/pflanzart.de\/wp-content\/uploads\/2018\/03\/zuschendorf13-440x294.jpg 440w\" sizes=\"auto, (max-width: 1100px) 100vw, 1100px\" \/><\/p>\n<p><strong>Die G\u00e4rtner-Familie Seidel<\/strong><\/p>\n<p>Der k\u00f6nigliche Hofg\u00e4rtner Johann Heinrich Seidel beherbergte 1806 im Herzogin-Garten in Dresden 4300 Pflanzenarten und -sorten, eine der gr\u00f6\u00dften Sammlungen seiner Zeit die selbst heute noch ihresgleichen sucht. Nicht nur die erste deutsche Dahlie bl\u00fchte bei ihm, es wird auch bereits 1792 eine bl\u00fchende Kamelie erw\u00e4hnt. Gemeinsam mit Johann Wolfgang von Goethe arbeitete er an der &#8220;Metamorphose der Pflanzen&#8221;. Im Jahr 1813 gr\u00fcndeten sein Sohn Jacob Friedrich gemeinsam mit seinem Bruder Traugott Leberecht Seidel die erste Spezialg\u00e4rtnerei des deutschen Zierpflanzenbaus, woraus sich bis Mitte des Jahrhunderts der gr\u00f6\u00dfte Kamelienproduktionsbetrieb Europas entwickelte.<br \/>\nBegonnen hat er seine Zucht mit drei Stecklingen die er von seiner G\u00e4rtnerausbildung in Paris im in Kartoffelh\u00e4lften gesteckt mit nach Dresden brachte. Durch Zukauf und Saatgut aus England erweiterte er seine Zucht bald auf 1100 Sorten.<\/p>\n<p>Nach dem Krieg wurde der Betrieb wie viele andere Betriebe in der DDR enteignet und die Familie Seidel die den Berieb inzwischen in der vierten Generation f\u00fchrte zerstreute sich in alle Richtungen. In dem nun volkseigenen Betrieb wurde Gem\u00fcse angebaut. Ab Mitte der 50er Jahre wurde dann die Kamelienzucht wieder aufgenommen, jedoch verschlissen im Laufe der Zeit die technischen Anlagen.<br \/>\nMatthias Riedel, der heutige Leiter der botanischen Sammlung, stand eines Tages fassungslos vor Kamelien der Seidelschen Sammlung die gerodet werden sollten. Mit Hilfe vieler G\u00e4rtner und Kamelienfreunde grub er sie aus um sie vor der Vernichtung zu retten.<br \/>\nGegen viele Widrigkeiten konnten sie schliesslich das Zuschendorfer Landschloss, welches ebenfalls dem Verfall wegen fehlender Mittel preisgegeben war, kaufen und die Sammlung umsiedeln.<br \/>\nHeute ist diese botanische Kostbarkeit denkmalgesch\u00fctzt und Eigentum des Freistaates Sachsen. Ohne den Einsatz von Herrn Riedel w\u00e4re sie wohl verloren gegangen.<br \/>\nAuch Pflanzen geh\u00f6ren zu unserem Kulturgut, das f\u00fchrt diese Geschichte eindrucksvoll vor Augen.<\/p>\n<p><img loading=\"lazy\" decoding=\"async\" class=\"aligncenter size-full wp-image-2169\" src=\"https:\/\/pflanzart.de\/wp-content\/uploads\/2018\/02\/zuschendorf09.jpg\" alt=\"\" width=\"1100\" height=\"734\" srcset=\"https:\/\/pflanzart.de\/wp-content\/uploads\/2018\/02\/zuschendorf09.jpg 1100w, https:\/\/pflanzart.de\/wp-content\/uploads\/2018\/02\/zuschendorf09-790x527.jpg 790w, https:\/\/pflanzart.de\/wp-content\/uploads\/2018\/02\/zuschendorf09-300x200.jpg 300w, https:\/\/pflanzart.de\/wp-content\/uploads\/2018\/02\/zuschendorf09-768x512.jpg 768w, https:\/\/pflanzart.de\/wp-content\/uploads\/2018\/02\/zuschendorf09-1024x683.jpg 1024w, https:\/\/pflanzart.de\/wp-content\/uploads\/2018\/02\/zuschendorf09-940x627.jpg 940w, https:\/\/pflanzart.de\/wp-content\/uploads\/2018\/02\/zuschendorf09-900x600.jpg 900w, https:\/\/pflanzart.de\/wp-content\/uploads\/2018\/02\/zuschendorf09-440x294.jpg 440w\" sizes=\"auto, (max-width: 1100px) 100vw, 1100px\" \/><\/p>\n<p><strong>Die Kamelie &#8211; Asiatische Sch\u00f6nheit mit kaltem Herz<\/strong><\/p>\n<p>In ihrer Heimat Ost- und S\u00fcdasien wachsen sie im Unterwuchs m\u00e4chtiger B\u00e4ume. Dort werden sie 10 bis 15 Meter hoch und bilden ganze W\u00e4lder.<br \/>\nIm 16. Jahrhundert gelangten die ersten Kamelien nach England. Dort entwickelten sie sich zu beliebten Gartenpflanzen, die in dem milden Klima der Insel pr\u00e4chtig gediehen. In der ersten H\u00e4lfte des 19. Jahrhunderts traten sie dann ihren Siegeszug durch Europa an.<\/p>\n<p>In der Mitte des 19. Jahrhunderts entwickelte sich ein wahrer Begeisterungssturm f\u00fcr alles was aus dem Fernen Osten kam. Kamelien waren in der Kunst allgegenw\u00e4rtig, auf Gem\u00e4lden der Zeit schm\u00fcckten sie die H\u00fcte und Ballkleider der Dame von Welt. Der Roman von Alexandre Dumas &#8220;Die Kameliendame&#8221; und die daraus entwickelte Oper von Guiseppe Verdi &#8220;La Traviata&#8221; legt Zeugnis davon.<\/p>\n<p>Mit der zentralen Beheizung der b\u00fcrgerlichen Wohnungen ab Anfang des 20. Jahrhunderts lie\u00df das Interesse an den Kamelien nach. Man konnte ihnen einfach nicht mehr die erforderlichen niedrigen Temperaturen bieten. K\u00fchle Winterg\u00e4rten besa\u00dfen nur wenige und in den G\u00e4rten unserer Breitengrade \u00fcberleben sie meist nicht lange, Kahlfrost und Temperaturen unter -10\u00b0C beenden schnell ihr Dasein.<\/p>\n<figure id=\"attachment_2309\" aria-describedby=\"caption-attachment-2309\" style=\"width: 1100px\" class=\"wp-caption aligncenter\"><img loading=\"lazy\" decoding=\"async\" class=\"wp-image-2309 size-full\" src=\"https:\/\/pflanzart.de\/wp-content\/uploads\/2018\/03\/zuschendorf15.jpg\" alt=\"\" width=\"1100\" height=\"734\" srcset=\"https:\/\/pflanzart.de\/wp-content\/uploads\/2018\/03\/zuschendorf15.jpg 1100w, https:\/\/pflanzart.de\/wp-content\/uploads\/2018\/03\/zuschendorf15-790x527.jpg 790w, https:\/\/pflanzart.de\/wp-content\/uploads\/2018\/03\/zuschendorf15-300x200.jpg 300w, https:\/\/pflanzart.de\/wp-content\/uploads\/2018\/03\/zuschendorf15-768x512.jpg 768w, https:\/\/pflanzart.de\/wp-content\/uploads\/2018\/03\/zuschendorf15-1024x683.jpg 1024w, https:\/\/pflanzart.de\/wp-content\/uploads\/2018\/03\/zuschendorf15-940x627.jpg 940w, https:\/\/pflanzart.de\/wp-content\/uploads\/2018\/03\/zuschendorf15-900x600.jpg 900w, https:\/\/pflanzart.de\/wp-content\/uploads\/2018\/03\/zuschendorf15-440x294.jpg 440w\" sizes=\"auto, (max-width: 1100px) 100vw, 1100px\" \/><figcaption id=\"caption-attachment-2309\" class=\"wp-caption-text\">Die historischen Gew\u00e4chsh\u00e4user in denen die Kamelien stehen haben ihren eigenen nostalgischen Charme.<\/figcaption><\/figure>\n<p><strong>K\u00f6nnen Kamelien im Garten wachsen?<\/strong><\/p>\n<p>Diese Frage hat sich mit der oben geschilderten Frosth\u00e4rte eigentlich schon beantwortet. Als winterhart angebotene Kamelien sind bestenfalls frosthart und d\u00fcrfen f\u00fcr kurze Zeit geringen Minusgraden ausgesetzt werden. Zwar unterscheiden sich die einzelnen Sorten z.T. deutlich in Bl\u00fcten- und Wuchsform, aber anhaltende Minusgrade mit Bodenfrost vertr\u00e4gt keine Kamelie ohne Winterschutz. In einigen Regionen Deutschlands wie z.B. dem Rheingraben oder in Weinbaugebieten haben sie an gesch\u00fctzten Pl\u00e4tzen im Garten durchaus \u00dcberlebenschancen. Dann kommen sie im April zur Bl\u00fcte, nach den ersten Magnolien. Man muss aber immer damit rechnen das die Knospen erfrieren, Bl\u00fcten braun werden oder Triebe zur\u00fcckfrieren. Sch\u00f6ne Freilandexemplare kann man z.B. in Norditalien am Lago Maggiore bewundern, in Deutschland sind mir ausgepflanzte gro\u00dfe Freilandexemplare nur mit mobilem Winterglashaus bekannt, wie z.B bei der Pillnitzer Kamelie, die unweit von Zuschendorf besucht werden kann.<\/p>\n<p><img loading=\"lazy\" decoding=\"async\" class=\"aligncenter size-full wp-image-2162\" src=\"https:\/\/pflanzart.de\/wp-content\/uploads\/2018\/02\/zuschendorf04-2.jpg\" alt=\"\" width=\"1100\" height=\"734\" srcset=\"https:\/\/pflanzart.de\/wp-content\/uploads\/2018\/02\/zuschendorf04-2.jpg 1100w, https:\/\/pflanzart.de\/wp-content\/uploads\/2018\/02\/zuschendorf04-2-790x527.jpg 790w, https:\/\/pflanzart.de\/wp-content\/uploads\/2018\/02\/zuschendorf04-2-300x200.jpg 300w, https:\/\/pflanzart.de\/wp-content\/uploads\/2018\/02\/zuschendorf04-2-768x512.jpg 768w, https:\/\/pflanzart.de\/wp-content\/uploads\/2018\/02\/zuschendorf04-2-1024x683.jpg 1024w, https:\/\/pflanzart.de\/wp-content\/uploads\/2018\/02\/zuschendorf04-2-940x627.jpg 940w, https:\/\/pflanzart.de\/wp-content\/uploads\/2018\/02\/zuschendorf04-2-900x600.jpg 900w, https:\/\/pflanzart.de\/wp-content\/uploads\/2018\/02\/zuschendorf04-2-440x294.jpg 440w\" sizes=\"auto, (max-width: 1100px) 100vw, 1100px\" \/><\/p>\n<p><strong>Welche Standortbedingungen haben Kamelien?<\/strong><\/p>\n<p>Kamelien sind Waldpflanzen. Das hei\u00dft sie wachsen gern im Schutz von grossen B\u00e4umen und sch\u00e4tzen das ausgeglichene Klima das sie dort vorfinden. Sie sind nicht gern der intensiven Mittagssonne ausgesetzt, sie stehen aber auch nicht gern zu schattig, denn dann setzen sie nur wenige Bl\u00fcten an. Die Luft sollte eine relative Luftfeuchte von 60% haben und der Boden eine gleichm\u00e4\u00dfige Bodenfeuchtigkeit. Das hei\u00dft Heizungsluft im Winter mit damit verbundener Lufttrockenheit ist denkbar schlecht f\u00fcr Kamelien. Am besten stehen sie so lange wie m\u00f6glich im Freien und werden im Sp\u00e4therbst in die N\u00e4he einer Hauswand ger\u00fcckt. Bei Frost geh\u00f6ren Kamelien ins Kalthaus, also in einen k\u00fchlen und hellen unbeheizten aber frostfreien Raum.<br \/>\nDer Boden und das Giesswasser sollte m\u00f6glichst salzfrei sein. Diesen Anspruch erf\u00fcllt man am besten durch die Verwendung von einer Mischung aus Sand und Rhododendronsubstrat und einer D\u00fcngung mit Rhododendrond\u00fcnger. In Gegenden mit sehr hartem Leitungswasser, wie hier in Berlin, stellt die \u00dcberwinterung damit eine besondere Herausforderung dar.<br \/>\nBei K\u00fcbelpflanzen sollte man alle zwei bis drei Jahre umpflanzen.<\/p>\n<figure id=\"attachment_2167\" aria-describedby=\"caption-attachment-2167\" style=\"width: 1100px\" class=\"wp-caption aligncenter\"><img loading=\"lazy\" decoding=\"async\" class=\"wp-image-2167 size-full\" src=\"https:\/\/pflanzart.de\/wp-content\/uploads\/2018\/02\/zuschendorf05-2-1.jpg\" alt=\"\" width=\"1100\" height=\"734\" srcset=\"https:\/\/pflanzart.de\/wp-content\/uploads\/2018\/02\/zuschendorf05-2-1.jpg 1100w, https:\/\/pflanzart.de\/wp-content\/uploads\/2018\/02\/zuschendorf05-2-1-790x527.jpg 790w, https:\/\/pflanzart.de\/wp-content\/uploads\/2018\/02\/zuschendorf05-2-1-300x200.jpg 300w, https:\/\/pflanzart.de\/wp-content\/uploads\/2018\/02\/zuschendorf05-2-1-768x512.jpg 768w, https:\/\/pflanzart.de\/wp-content\/uploads\/2018\/02\/zuschendorf05-2-1-1024x683.jpg 1024w, https:\/\/pflanzart.de\/wp-content\/uploads\/2018\/02\/zuschendorf05-2-1-940x627.jpg 940w, https:\/\/pflanzart.de\/wp-content\/uploads\/2018\/02\/zuschendorf05-2-1-900x600.jpg 900w, https:\/\/pflanzart.de\/wp-content\/uploads\/2018\/02\/zuschendorf05-2-1-440x294.jpg 440w\" sizes=\"auto, (max-width: 1100px) 100vw, 1100px\" \/><figcaption id=\"caption-attachment-2167\" class=\"wp-caption-text\">In Zuschendorf sind 350 verschiedene Sorten von Kamelien zu sehen.<\/figcaption><\/figure>\n<p>Manchmal werfen Kamelien im Winter ihre Knospen ab. Das kann verschiedene Gr\u00fcnde haben. Standortver\u00e4nderungen w\u00e4hrend der Knospenreife m\u00f6gen sie gar nicht. Auch ein zu warmer Standort oder Lufttrockenheit kann zum Knospenfall f\u00fchren. Auch wenn die Pflanze im Sommer zu trocken stand kann sie im Winter mit dem Abwurf der Knospen reagieren.<\/p>\n<figure id=\"attachment_2163\" aria-describedby=\"caption-attachment-2163\" style=\"width: 1100px\" class=\"wp-caption aligncenter\"><img loading=\"lazy\" decoding=\"async\" class=\"wp-image-2163 size-full\" src=\"https:\/\/pflanzart.de\/wp-content\/uploads\/2018\/02\/zuschendorf02-2.jpg\" alt=\"\" width=\"1100\" height=\"734\" srcset=\"https:\/\/pflanzart.de\/wp-content\/uploads\/2018\/02\/zuschendorf02-2.jpg 1100w, https:\/\/pflanzart.de\/wp-content\/uploads\/2018\/02\/zuschendorf02-2-790x527.jpg 790w, https:\/\/pflanzart.de\/wp-content\/uploads\/2018\/02\/zuschendorf02-2-300x200.jpg 300w, https:\/\/pflanzart.de\/wp-content\/uploads\/2018\/02\/zuschendorf02-2-768x512.jpg 768w, https:\/\/pflanzart.de\/wp-content\/uploads\/2018\/02\/zuschendorf02-2-1024x683.jpg 1024w, https:\/\/pflanzart.de\/wp-content\/uploads\/2018\/02\/zuschendorf02-2-940x627.jpg 940w, https:\/\/pflanzart.de\/wp-content\/uploads\/2018\/02\/zuschendorf02-2-900x600.jpg 900w, https:\/\/pflanzart.de\/wp-content\/uploads\/2018\/02\/zuschendorf02-2-440x294.jpg 440w\" sizes=\"auto, (max-width: 1100px) 100vw, 1100px\" \/><figcaption id=\"caption-attachment-2163\" class=\"wp-caption-text\">Auch als Bonsai werden die Kamelien in Zuschendorf gezeigt.<\/figcaption><\/figure>\n<p><strong>Das Landschloss Zuschendorf &#8211; ein g\u00e4rtnerisches Schatzk\u00e4stchen<\/strong><\/p>\n<p>Neben der Kameliensammlung die von Anfang M\u00e4rz bis Anfang April in den Gew\u00e4chsh\u00e4usern mit etwa 1500m\u00b2 \u00fcberglaster Fl\u00e4che besucht werden kann, bietet der Park weitere botanische Besonderheiten. So gibt es ausserdem eine Sammlung verschiedener z.T. sehr alter Bonsais zu sehen, darunter auch Zwergobstb\u00e4ume die in Scherben gepflanzt auf Sandsteinsockeln im Park stehen und zur Bl\u00fcte einen reizenden Anblick bieten, aber auch mit Fr\u00fcchten im Herbst ganz zauberhaft aussehen. Aber davon berichte ich ein anderes Mal, denn auch hier gibt es einen historischen Bezug der interessant ist. Im Sp\u00e4tsommer ist dann die Hortensiensammlung sehenswert, auch diese ist ein Kapitel f\u00fcr sich.<\/p>\n<figure id=\"attachment_2166\" aria-describedby=\"caption-attachment-2166\" style=\"width: 1100px\" class=\"wp-caption aligncenter\"><img loading=\"lazy\" decoding=\"async\" class=\"wp-image-2166 size-full\" src=\"https:\/\/pflanzart.de\/wp-content\/uploads\/2018\/02\/zuschendorf07-2.jpg\" alt=\"\" width=\"1100\" height=\"734\" srcset=\"https:\/\/pflanzart.de\/wp-content\/uploads\/2018\/02\/zuschendorf07-2.jpg 1100w, https:\/\/pflanzart.de\/wp-content\/uploads\/2018\/02\/zuschendorf07-2-790x527.jpg 790w, https:\/\/pflanzart.de\/wp-content\/uploads\/2018\/02\/zuschendorf07-2-300x200.jpg 300w, https:\/\/pflanzart.de\/wp-content\/uploads\/2018\/02\/zuschendorf07-2-768x512.jpg 768w, https:\/\/pflanzart.de\/wp-content\/uploads\/2018\/02\/zuschendorf07-2-1024x683.jpg 1024w, https:\/\/pflanzart.de\/wp-content\/uploads\/2018\/02\/zuschendorf07-2-940x627.jpg 940w, https:\/\/pflanzart.de\/wp-content\/uploads\/2018\/02\/zuschendorf07-2-900x600.jpg 900w, https:\/\/pflanzart.de\/wp-content\/uploads\/2018\/02\/zuschendorf07-2-440x294.jpg 440w\" sizes=\"auto, (max-width: 1100px) 100vw, 1100px\" \/><figcaption id=\"caption-attachment-2166\" class=\"wp-caption-text\">\u00c4hnliche Standortbedingungen wie Kamelien haben die Azaleen. Auch sie geh\u00f6ren zu den nostalgischen Zimmerpflanzen aus Grossmutters \u00c4ra als die R\u00e4ume im Winter noch weniger geheizt wurden.<\/figcaption><\/figure>\n<p>Neben den zahlreichen Kameliensorten ist in den Gew\u00e4chsh\u00e4usern eine Sammlung alter Sorten der Zimmerazaleen zu sehen. Auch diese umfasst an die 350 Sorten und zeigt die Geschichte der S\u00e4chsischen Azaleenz\u00fcchter auf. Denn der Dresdner und Leipziger Raum, war neben Gent (Belgien) das gr\u00f6\u00dfte Azaleenanbaugebiet Europas. Diese Azaleensammlung ist daher untrennbar mit der St\u00e4rke, aber auch mit dem Niedergang der s\u00e4chsischen Azaleeng\u00e4rtner verbunden. Auch diese Geschichte ist ein Kapitel f\u00fcr sich.<\/p>\n<figure id=\"attachment_2310\" aria-describedby=\"caption-attachment-2310\" style=\"width: 1100px\" class=\"wp-caption aligncenter\"><img loading=\"lazy\" decoding=\"async\" class=\"wp-image-2310 size-full\" src=\"https:\/\/pflanzart.de\/wp-content\/uploads\/2018\/03\/zuschendorf11.jpg\" alt=\"\" width=\"1100\" height=\"734\" srcset=\"https:\/\/pflanzart.de\/wp-content\/uploads\/2018\/03\/zuschendorf11.jpg 1100w, https:\/\/pflanzart.de\/wp-content\/uploads\/2018\/03\/zuschendorf11-790x527.jpg 790w, https:\/\/pflanzart.de\/wp-content\/uploads\/2018\/03\/zuschendorf11-300x200.jpg 300w, https:\/\/pflanzart.de\/wp-content\/uploads\/2018\/03\/zuschendorf11-768x512.jpg 768w, https:\/\/pflanzart.de\/wp-content\/uploads\/2018\/03\/zuschendorf11-1024x683.jpg 1024w, https:\/\/pflanzart.de\/wp-content\/uploads\/2018\/03\/zuschendorf11-940x627.jpg 940w, https:\/\/pflanzart.de\/wp-content\/uploads\/2018\/03\/zuschendorf11-900x600.jpg 900w, https:\/\/pflanzart.de\/wp-content\/uploads\/2018\/03\/zuschendorf11-440x294.jpg 440w\" sizes=\"auto, (max-width: 1100px) 100vw, 1100px\" \/><figcaption id=\"caption-attachment-2310\" class=\"wp-caption-text\">Neben den Kameliengew\u00e4chsh\u00e4usern bietet auch der Park im Fr\u00fchjahr sch\u00f6ne Bl\u00fchaspekte. Grosse Best\u00e4nde von Fr\u00fchlingsbl\u00fchern wie Schneegl\u00f6ckchen, Winterlingen oder Buschwindr\u00f6schen b\u00fchen unter Hamamelis oder Magnolien.<\/figcaption><\/figure>\n<p>Ab Ende April sind im Park zahlreiche bl\u00fchende Rhododendren zu sehen. Die Sammlung wird gegenw\u00e4rtig ausgebaut. Denn neben Kamelien wurden von der Familie Seidel auch winterharte Rhododendren gez\u00fcchtet.<\/p>\n<p>\u00dcber das Jahr finden in den R\u00e4umen des Schlosses auch verschiedene Ausstellungen zu botanischen Themen statt.<br \/>\nNoch bis zum 11.03. diesen Jahres kann die 15. Deutsche Kamelienbl\u00fctenschau besucht werden.<br \/>\nDiese findet allj\u00e4hrlich Anfang M\u00e4rz f\u00fcr 14 Tage in Zuschendorf statt. Daf\u00fcr werden \u00fcber tausend Kamelienbl\u00fcten von Z\u00fcchtern aus Deutschland und dem europ\u00e4ischen Ausland zusammen getragen und gezeigt.<\/p>\n<p>Die folgenden Bilder vergr\u00f6\u00dfern sich durch Anklicken.<\/p>\n<div id=\"grid-gallery-24-1317\" data-gg-id=\"24\" data-title=\"Zuschendorf\" data-grid-type=\"1\" data-offset=\"0\" data-area-position=\"center\" data-icons=\"\" data-preloader=\"true\" data-width=\"215\" data-height=\"\" data-padding=\"0\" data-quicksand=\"disabled\" data-quicksand-duration=\"none\" data-popup-theme=\"theme_6\" data-popup-type=\"pretty-photo\" data-popup-image-text=\"data-caption\" data-popup-widthsize=\"auto\" data-popup-heightsize=\"auto\" data-popup-i18n-words=\"{&quot;close&quot;:&quot;schlie\\u00dfen&quot;,&quot;next&quot;:&quot;n\\u00e4chste&quot;,&quot;previous&quot;:&quot;vorherige&quot;,&quot;start_slideshow&quot;:&quot;Starte Slideshow&quot;,&quot;stop_slideshow&quot;:&quot;Stoppe Slideshow&quot;,&quot;image&quot;:&quot;Bild&quot;,&quot;of&quot;:&quot;von&quot;,&quot;prev&quot;:&quot;vorherige&quot;,&quot;cExpand&quot;:&quot;Erweitere&quot;,&quot;cPrevious&quot;:&quot;Vorheriges&quot;,&quot;cNext&quot;:&quot;N\\u00e4chstes&quot;,&quot;cExpandStr&quot;:&quot;Erweitere Bild&quot;,&quot;cRotate&quot;:&quot;Rotate&quot;,&quot;cDetails&quot;:&quot;Details&quot;}\" data-popup-slideshow=\"false\" data-popup-slideshow-speed=\"2500\" data-popup-hoverstop=\"true\" data-popup-slideshow-auto=\"false\" data-popup-background=\"\" data-popup-transparency=\"30\" data-popup-disable-history=\"\" data-popup-disable-changed-url=\"\" data-popup-border-type=\"\" data-popup-border-color=\"\" data-popup-border-width=\"\" data-popup-border-enable=\"\" data-fullscreen=\"false\" data-hide-tooltip=\"false\" data-caption-font-family=\"Default\" data-caption-text-size=\"100\" data-is-mobile=\"0\" data-caption-mobile=\"false\" data-hide-long-tltp-title=\"0\" data-caption-disabled-on-mobile=\"false\" data-popup-placement-type=\"0\" data-social-sharing=\"{&quot;enabled&quot;:&quot;&quot;,&quot;gallerySharing&quot;:{&quot;enabled&quot;:null,&quot;position&quot;:null},&quot;imageSharing&quot;:{&quot;enabled&quot;:null,&quot;wrapperClass&quot;:&quot; vertical &quot;},&quot;popupSharing&quot;:{&quot;enabled&quot;:null,&quot;wrapperClass&quot;:&quot; vertical &quot;}}\" class=\"grid-gallery grid-gallery-fluid-height \" style=\" width:100%; height:auto; margin-left:auto; margin-right:auto;position:relative;\"> <div class=\"gallery-loading\"> <div class=\"blocks\"> <div class=\"block\"><\/div> <div class=\"block\"><\/div> <div class=\"block\"><\/div> <div class=\"block\"><\/div> <\/div> <\/div> <div class=\"gallery-sharing-top\" style=\"display:none;\"> <\/div> <div id=\"photos-24\" class=\"grid-gallery-photos\"><FIGURE class=\"grid-gallery-caption\" data-grid-gallery-type=\"quarter-slide-up\" data-index=\"0\" style=\"display:none;border-radius:00;; margin:0px; width:2150;\" ><div class=\"crop\" style=\"\"><img decoding=\"async\" src=\"https:\/\/pflanzart.de\/wp-content\/uploads\/2018\/03\/zuschendorf10-215x143.jpg\" class=\"ggImg\" alt=\"zuschendorf10\" title=\"Park Schloss Zuschendorf bei Pirna in Sachsen Pavillion im Japanischen Teegarten\" data-description=\"Park Schloss Zuschendorf bei Pirna in Sachsen Pavillion im Japanischen Teegarten\" data-caption=\"Der Pavillion im Japanischen Teegarten.\" data-title=\"zuschendorf10\" style=\" width:215px;\" \/><\/div><FIGCAPTION class=\"\" data-alpha=\"5\" style=\"color:#ffffff; background-color:#0a076d; font-size:100; text-align:left; font-family:Default;\" ><div class=\"grid-gallery-figcaption-wrap\" style=\"\"><\/div><\/FIGCAPTION><\/FIGURE><FIGURE class=\"grid-gallery-caption\" data-grid-gallery-type=\"quarter-slide-up\" data-index=\"1\" style=\"display:none;border-radius:00;; margin:0px; width:2150;\" ><div class=\"crop\" style=\"\"><img decoding=\"async\" src=\"https:\/\/pflanzart.de\/wp-content\/uploads\/2018\/03\/zuschendorf08-2-215x143.jpg\" class=\"ggImg\" alt=\"zuschendorf08-2\" title=\"Kamelienausstellung im Schloss Zuschendorf bei Pirna\" data-description=\"Kamelienausstellung im Schloss Zuschendorf bei Pirna\" data-caption=\"Zur Kamelienbl\u00fctenschau werden \u00fcber tausend verschiedene Bl\u00fcten aus ganz Europa gezeigt.\" data-title=\"zuschendorf08-2\" style=\" width:215px;\" \/><\/div><FIGCAPTION class=\"\" data-alpha=\"5\" style=\"color:#ffffff; background-color:#0a076d; font-size:100; text-align:left; font-family:Default;\" ><div class=\"grid-gallery-figcaption-wrap\" style=\"\"><\/div><\/FIGCAPTION><\/FIGURE><FIGURE class=\"grid-gallery-caption\" data-grid-gallery-type=\"quarter-slide-up\" data-index=\"2\" style=\"display:none;border-radius:00;; margin:0px; width:2150;\" ><div class=\"crop\" style=\"\"><img decoding=\"async\" src=\"https:\/\/pflanzart.de\/wp-content\/uploads\/2018\/03\/zuschendorf06-2-215x143.jpg\" class=\"ggImg\" alt=\"zuschendorf06-2\" title=\"Schloss Zuschendorf bei Pirna\" data-description=\"Schloss Zuschendorf bei Pirna\" data-caption=\"An den Sandsteinmauern der Gew\u00e4chsh\u00e4user am Hang stehen die Azaleen.\" data-title=\"zuschendorf06-2\" style=\" width:215px;\" \/><\/div><FIGCAPTION class=\"\" data-alpha=\"5\" style=\"color:#ffffff; background-color:#0a076d; font-size:100; text-align:left; font-family:Default;\" ><div class=\"grid-gallery-figcaption-wrap\" style=\"\"><\/div><\/FIGCAPTION><\/FIGURE><FIGURE class=\"grid-gallery-caption\" data-grid-gallery-type=\"quarter-slide-up\" data-index=\"3\" style=\"display:none;border-radius:00;; margin:0px; width:2150;\" ><div class=\"crop\" style=\"\"><img decoding=\"async\" src=\"https:\/\/pflanzart.de\/wp-content\/uploads\/2018\/03\/zuschendorf03-2-215x143.jpg\" class=\"ggImg\" alt=\"zuschendorf03-2\" title=\"Kamelienbl\u00fcte - Camellia japonica &amp;#039;Minna Seidel&amp;#039;\" data-description=\"Kamelienbl\u00fcte - Camellia japonica &amp;#039;Minna Seidel&amp;#039;\" data-caption=\"&quot;Kamelien-Seidel&quot; nutzte die Eigenschaft mancher Knospen Farbe und Form zu wechseln. Aus solchen Sports entwickelte er neue Sorten.\" data-title=\"zuschendorf03-2\" style=\" width:215px;\" \/><\/div><FIGCAPTION class=\"\" data-alpha=\"5\" style=\"color:#ffffff; background-color:#0a076d; font-size:100; text-align:left; font-family:Default;\" ><div class=\"grid-gallery-figcaption-wrap\" style=\"\"><\/div><\/FIGCAPTION><\/FIGURE><FIGURE class=\"grid-gallery-caption\" data-grid-gallery-type=\"quarter-slide-up\" data-index=\"4\" style=\"display:none;border-radius:00;; margin:0px; width:2150;\" ><div class=\"crop\" style=\"\"><img decoding=\"async\" src=\"https:\/\/pflanzart.de\/wp-content\/uploads\/2018\/03\/zuschendorf10-2-215x143.jpg\" class=\"ggImg\" alt=\"zuschendorf10-2\" title=\"Kamelienbl\u00fcte - Camellia japonica Alba Plena\" data-description=\"Kamelienbl\u00fcte - Camellia japonica Alba Plena\" data-caption=\"Die Kameliensammlung besteht vor allem aus alten Sorten.\" data-title=\"zuschendorf10-2\" style=\" width:215px;\" \/><\/div><FIGCAPTION class=\"\" data-alpha=\"5\" style=\"color:#ffffff; background-color:#0a076d; font-size:100; text-align:left; font-family:Default;\" ><div class=\"grid-gallery-figcaption-wrap\" style=\"\"><\/div><\/FIGCAPTION><\/FIGURE><FIGURE class=\"grid-gallery-caption\" data-grid-gallery-type=\"quarter-slide-up\" data-index=\"5\" style=\"display:none;border-radius:00;; margin:0px; width:2150;\" ><div class=\"crop\" style=\"\"><img decoding=\"async\" src=\"https:\/\/pflanzart.de\/wp-content\/uploads\/2018\/03\/zuschendorf12-215x143.jpg\" class=\"ggImg\" alt=\"zuschendorf12\" title=\"Schloss Zuschendorf bei Pirna Bonsaisammlung\" data-description=\"Schloss Zuschendorf bei Pirna Bonsaisammlung\" data-caption=\"Auch eine Sammlung von Bonsais behrbergt der Park.\" data-title=\"zuschendorf12\" style=\" width:215px;\" \/><\/div><FIGCAPTION class=\"\" data-alpha=\"5\" style=\"color:#ffffff; background-color:#0a076d; font-size:100; text-align:left; font-family:Default;\" ><div class=\"grid-gallery-figcaption-wrap\" style=\"\"><\/div><\/FIGCAPTION><\/FIGURE><FIGURE class=\"grid-gallery-caption\" data-grid-gallery-type=\"quarter-slide-up\" data-index=\"6\" style=\"display:none;border-radius:00;; margin:0px; width:2150;\" ><div class=\"crop\" style=\"\"><img decoding=\"async\" src=\"https:\/\/pflanzart.de\/wp-content\/uploads\/2018\/03\/zuschendorf16-215x143.jpg\" class=\"ggImg\" alt=\"zuschendorf16\" title=\"Schloss Zuschendorf bei Pirna Bonsai-Kiefer\" data-description=\"Schloss Zuschendorf bei Pirna Bonsai-Kiefer\" data-caption=\"\u00dcberall im Park stehen Bonsais auf Sandsteinbl\u00f6cken.\" data-title=\"zuschendorf16\" style=\" width:215px;\" \/><\/div><FIGCAPTION class=\"\" data-alpha=\"5\" style=\"color:#ffffff; background-color:#0a076d; font-size:100; text-align:left; font-family:Default;\" ><div class=\"grid-gallery-figcaption-wrap\" style=\"\"><\/div><\/FIGCAPTION><\/FIGURE><FIGURE class=\"grid-gallery-caption\" data-grid-gallery-type=\"quarter-slide-up\" data-index=\"7\" style=\"display:none;border-radius:00;; margin:0px; width:2150;\" ><div class=\"crop\" style=\"\"><img decoding=\"async\" src=\"https:\/\/pflanzart.de\/wp-content\/uploads\/2018\/03\/zuschendorf14-215x143.jpg\" class=\"ggImg\" alt=\"zuschendorf14\" title=\"Schneegl\u00f6ckchenwiese unter Hamamelis japonica im Schloss Zuschendorf bei Pirna\" data-description=\"Schneegl\u00f6ckchenwiese unter Hamamelis japonica im Schloss Zuschendorf bei Pirna\" data-caption=\"Jetzt Anfang M\u00e4rz bl\u00fchen im Park grosse Schneegl\u00f6ckchenbest\u00e4nde.\" data-title=\"zuschendorf14\" style=\" width:215px;\" \/><\/div><FIGCAPTION class=\"\" data-alpha=\"5\" style=\"color:#ffffff; background-color:#0a076d; font-size:100; text-align:left; font-family:Default;\" ><div class=\"grid-gallery-figcaption-wrap\" style=\"\"><\/div><\/FIGCAPTION><\/FIGURE><FIGURE class=\"grid-gallery-caption\" data-grid-gallery-type=\"quarter-slide-up\" data-index=\"8\" style=\"display:none;border-radius:00;; margin:0px; width:2150;\" ><div class=\"crop\" style=\"\"><img decoding=\"async\" src=\"https:\/\/pflanzart.de\/wp-content\/uploads\/2018\/03\/zuschendorf17-215x143.jpg\" class=\"ggImg\" alt=\"zuschendorf17\" title=\"Schloss Zuschendorf bei Pirna Kameliensammlung im Gew\u00e4chshaus\" data-description=\"Schloss Zuschendorf bei Pirna Kameliensammlung im Gew\u00e4chshaus\" data-caption=\"Auf schmalen Pfaden und \u00fcber Stege wird der Besucher durch die Gew\u00e4chsh\u00e4user gef\u00fchrt.\" data-title=\"zuschendorf17\" style=\" width:215px;\" \/><\/div><FIGCAPTION class=\"\" data-alpha=\"5\" style=\"color:#ffffff; background-color:#0a076d; font-size:100; text-align:left; font-family:Default;\" ><div class=\"grid-gallery-figcaption-wrap\" style=\"\"><\/div><\/FIGCAPTION><\/FIGURE> <div class=\"grid-gallery-clearfix\"><\/div> <\/div> <div class=\"gallery-sharing-bottom\" style=\"display:none;\"> <\/div> <div class=\"gallery-sharing-image\" style=\"display:none;\"> <\/div> <div class=\"gallery-sharing-popup\" style=\"display:none;\"> <\/div> <div class=\"grid-gallery-clearfix\"><\/div> <\/div> <!-- Gallery by Supsystic plugin1.16.0 --><a title=\"Gallery Wordpress\" style=\"display:none;\" href=\"https:\/\/supsystic.com\/plugins\/photo-gallery\/?utm_medium=love_link\" target=\"_blank\">Gallery Wordpress<\/a>\n<p>Weitere Informationen zum Park erh\u00e4ltst du \u00fcber folgenden Link<a href=\"http:\/\/kamelienschloss.de\/index.html\"><span style=\"color: #808000;\"> (klick)<\/span><\/a>.<\/p>\n","protected":false},"excerpt":{"rendered":"<p>Die Gew\u00e4chsh\u00e4user des Landschlosses Zuschendorf beherbergen eine Botanische Kostbarkeit der besonderen Art und erz\u00e4hlen von der Geschichte einer Dresdner G\u00e4rtnerdynastie deren Erfolg mit&hellip;<\/p>\n","protected":false},"author":1,"featured_media":2169,"comment_status":"open","ping_status":"closed","sticky":false,"template":"","format":"standard","meta":{"footnotes":""},"categories":[12,10,85,16,13],"tags":[34,26,27,23],"class_list":["post-2160","post","type-post","status-publish","format-standard","has-post-thumbnail","hentry","category-fruehjahr","category-gaerten","category-gartenportrait","category-gehoelze","category-reisen","tag-gartenreisen","tag-kamelien","tag-sachsen","tag-vorfruehling"],"aioseo_notices":[],"_links":{"self":[{"href":"https:\/\/pflanzart.de\/index.php?rest_route=\/wp\/v2\/posts\/2160","targetHints":{"allow":["GET"]}}],"collection":[{"href":"https:\/\/pflanzart.de\/index.php?rest_route=\/wp\/v2\/posts"}],"about":[{"href":"https:\/\/pflanzart.de\/index.php?rest_route=\/wp\/v2\/types\/post"}],"author":[{"embeddable":true,"href":"https:\/\/pflanzart.de\/index.php?rest_route=\/wp\/v2\/users\/1"}],"replies":[{"embeddable":true,"href":"https:\/\/pflanzart.de\/index.php?rest_route=%2Fwp%2Fv2%2Fcomments&post=2160"}],"version-history":[{"count":0,"href":"https:\/\/pflanzart.de\/index.php?rest_route=\/wp\/v2\/posts\/2160\/revisions"}],"wp:featuredmedia":[{"embeddable":true,"href":"https:\/\/pflanzart.de\/index.php?rest_route=\/wp\/v2\/media\/2169"}],"wp:attachment":[{"href":"https:\/\/pflanzart.de\/index.php?rest_route=%2Fwp%2Fv2%2Fmedia&parent=2160"}],"wp:term":[{"taxonomy":"category","embeddable":true,"href":"https:\/\/pflanzart.de\/index.php?rest_route=%2Fwp%2Fv2%2Fcategories&post=2160"},{"taxonomy":"post_tag","embeddable":true,"href":"https:\/\/pflanzart.de\/index.php?rest_route=%2Fwp%2Fv2%2Ftags&post=2160"}],"curies":[{"name":"wp","href":"https:\/\/api.w.org\/{rel}","templated":true}]}}