{"id":1726,"date":"2017-10-27T22:08:07","date_gmt":"2017-10-27T22:08:07","guid":{"rendered":"http:\/\/pflanzart.de\/?p=1726"},"modified":"2019-11-03T21:58:29","modified_gmt":"2019-11-03T21:58:29","slug":"die-letzten-blueten-im-beet","status":"publish","type":"post","link":"https:\/\/pflanzart.de\/?p=1726","title":{"rendered":"Die letzten Bl\u00fcten im Beet"},"content":{"rendered":"<p>In den letzten Tagen hat mir die Zeit f\u00fcr den Garten gefehlt und auch das Wetter hat uns nicht gerade in den Garten gelockt. Der Herbst hat sich jetzt nach den ersten wirklich kalten N\u00e4chten nahe der Frostgrenze und den heftigen St\u00fcrmen der letzten Tage endg\u00fcltig \u00fcber den Garten gelegt und nur vereinzelt sind noch ein paar unverzagte Bl\u00fcten zu entdecken. Haupts\u00e4chlich dominieren jetzt die Gr\u00e4ser den Garten und mit ihnen ein paar sp\u00e4te Stauden und Zwiebelbl\u00fcher.<img loading=\"lazy\" decoding=\"async\" class=\"aligncenter size-full wp-image-1729\" src=\"https:\/\/pflanzart.de\/wp-content\/uploads\/2017\/11\/calamagrostis_aster.jpg\" alt=\"\" width=\"1100\" height=\"734\" srcset=\"https:\/\/pflanzart.de\/wp-content\/uploads\/2017\/11\/calamagrostis_aster.jpg 1100w, https:\/\/pflanzart.de\/wp-content\/uploads\/2017\/11\/calamagrostis_aster-790x527.jpg 790w, https:\/\/pflanzart.de\/wp-content\/uploads\/2017\/11\/calamagrostis_aster-300x200.jpg 300w, https:\/\/pflanzart.de\/wp-content\/uploads\/2017\/11\/calamagrostis_aster-768x512.jpg 768w, https:\/\/pflanzart.de\/wp-content\/uploads\/2017\/11\/calamagrostis_aster-1024x683.jpg 1024w, https:\/\/pflanzart.de\/wp-content\/uploads\/2017\/11\/calamagrostis_aster-940x627.jpg 940w, https:\/\/pflanzart.de\/wp-content\/uploads\/2017\/11\/calamagrostis_aster-900x600.jpg 900w, https:\/\/pflanzart.de\/wp-content\/uploads\/2017\/11\/calamagrostis_aster-440x294.jpg 440w\" sizes=\"auto, (max-width: 1100px) 100vw, 1100px\" \/>Eines meiner liebsten Gr\u00e4ser ist das Diamantgras (Calamagrostis brachytricha). Es bringt mit seinen im Morgentau glitzernden Bl\u00fcten\u00e4hren Luft und Leichtigkeit ins Beet und harmoniert wunderbar mit Astern und Kerzenkn\u00f6terich. Ausserdem ist es robust und langlebig und versamt sich kaum.<img loading=\"lazy\" decoding=\"async\" class=\"aligncenter size-full wp-image-1730\" src=\"https:\/\/pflanzart.de\/wp-content\/uploads\/2017\/11\/calamagrostis_brachytricha.jpg\" alt=\"\" width=\"1100\" height=\"734\" srcset=\"https:\/\/pflanzart.de\/wp-content\/uploads\/2017\/11\/calamagrostis_brachytricha.jpg 1100w, https:\/\/pflanzart.de\/wp-content\/uploads\/2017\/11\/calamagrostis_brachytricha-790x527.jpg 790w, https:\/\/pflanzart.de\/wp-content\/uploads\/2017\/11\/calamagrostis_brachytricha-300x200.jpg 300w, https:\/\/pflanzart.de\/wp-content\/uploads\/2017\/11\/calamagrostis_brachytricha-768x512.jpg 768w, https:\/\/pflanzart.de\/wp-content\/uploads\/2017\/11\/calamagrostis_brachytricha-1024x683.jpg 1024w, https:\/\/pflanzart.de\/wp-content\/uploads\/2017\/11\/calamagrostis_brachytricha-940x627.jpg 940w, https:\/\/pflanzart.de\/wp-content\/uploads\/2017\/11\/calamagrostis_brachytricha-900x600.jpg 900w, https:\/\/pflanzart.de\/wp-content\/uploads\/2017\/11\/calamagrostis_brachytricha-440x294.jpg 440w\" sizes=\"auto, (max-width: 1100px) 100vw, 1100px\" \/>In den feingliedrigen Bl\u00fctenrispen des Diamantgrases sitzen am Morgen viele kleine Tautr\u00f6pfchen und lassen die Halme im Sonnenlicht glitzern.<img loading=\"lazy\" decoding=\"async\" class=\"aligncenter size-full wp-image-1731\" src=\"https:\/\/pflanzart.de\/wp-content\/uploads\/2017\/11\/chasmanthium.jpg\" alt=\"\" width=\"1100\" height=\"734\" srcset=\"https:\/\/pflanzart.de\/wp-content\/uploads\/2017\/11\/chasmanthium.jpg 1100w, https:\/\/pflanzart.de\/wp-content\/uploads\/2017\/11\/chasmanthium-790x527.jpg 790w, https:\/\/pflanzart.de\/wp-content\/uploads\/2017\/11\/chasmanthium-300x200.jpg 300w, https:\/\/pflanzart.de\/wp-content\/uploads\/2017\/11\/chasmanthium-768x512.jpg 768w, https:\/\/pflanzart.de\/wp-content\/uploads\/2017\/11\/chasmanthium-1024x683.jpg 1024w, https:\/\/pflanzart.de\/wp-content\/uploads\/2017\/11\/chasmanthium-940x627.jpg 940w, https:\/\/pflanzart.de\/wp-content\/uploads\/2017\/11\/chasmanthium-900x600.jpg 900w, https:\/\/pflanzart.de\/wp-content\/uploads\/2017\/11\/chasmanthium-440x294.jpg 440w\" sizes=\"auto, (max-width: 1100px) 100vw, 1100px\" \/>Auch das Platt\u00e4hrengras (Chasmanthium latifolium) ist ein Gras f\u00fcr viele Beetsituationen. Es ist eines der wenigen h\u00f6heren Gr\u00e4ser die auch in schattigeren Bereichen noch gut wachsen. Die Bl\u00fcten\u00e4hren gehen jetzt nach fast zweimonatiger Bl\u00fctezeit in einen warmen Kupferton \u00fcber. &nbsp; <img loading=\"lazy\" decoding=\"async\" class=\"aligncenter size-full wp-image-1734\" src=\"https:\/\/pflanzart.de\/wp-content\/uploads\/2017\/11\/echinacea.jpg\" alt=\"\" width=\"1100\" height=\"734\" srcset=\"https:\/\/pflanzart.de\/wp-content\/uploads\/2017\/11\/echinacea.jpg 1100w, https:\/\/pflanzart.de\/wp-content\/uploads\/2017\/11\/echinacea-790x527.jpg 790w, https:\/\/pflanzart.de\/wp-content\/uploads\/2017\/11\/echinacea-300x200.jpg 300w, https:\/\/pflanzart.de\/wp-content\/uploads\/2017\/11\/echinacea-768x512.jpg 768w, https:\/\/pflanzart.de\/wp-content\/uploads\/2017\/11\/echinacea-1024x683.jpg 1024w, https:\/\/pflanzart.de\/wp-content\/uploads\/2017\/11\/echinacea-940x627.jpg 940w, https:\/\/pflanzart.de\/wp-content\/uploads\/2017\/11\/echinacea-900x600.jpg 900w, https:\/\/pflanzart.de\/wp-content\/uploads\/2017\/11\/echinacea-440x294.jpg 440w\" sizes=\"auto, (max-width: 1100px) 100vw, 1100px\" \/>Auch die rosabl\u00fctigen Formen von Echinacea purpurea &#8211; hier die Sorte &#8216;Magnus&#8217; &#8211; bl\u00fchen bis fast zum Frost und damit wesentlich l\u00e4nger als die roten und orangen Sorten. Mit den Bl\u00fcten von Rotbrauner Rutenhirse (Panicum virgatum &#8216;H\u00e4nse Herms&#8217;) entsteht eine h\u00fcbsche Kombi im Pr\u00e4riebeet.<img loading=\"lazy\" decoding=\"async\" class=\"aligncenter size-full wp-image-1735\" src=\"https:\/\/pflanzart.de\/wp-content\/uploads\/2017\/11\/hydrangea.jpg\" alt=\"\" width=\"1100\" height=\"734\" srcset=\"https:\/\/pflanzart.de\/wp-content\/uploads\/2017\/11\/hydrangea.jpg 1100w, https:\/\/pflanzart.de\/wp-content\/uploads\/2017\/11\/hydrangea-790x527.jpg 790w, https:\/\/pflanzart.de\/wp-content\/uploads\/2017\/11\/hydrangea-300x200.jpg 300w, https:\/\/pflanzart.de\/wp-content\/uploads\/2017\/11\/hydrangea-768x512.jpg 768w, https:\/\/pflanzart.de\/wp-content\/uploads\/2017\/11\/hydrangea-1024x683.jpg 1024w, https:\/\/pflanzart.de\/wp-content\/uploads\/2017\/11\/hydrangea-940x627.jpg 940w, https:\/\/pflanzart.de\/wp-content\/uploads\/2017\/11\/hydrangea-900x600.jpg 900w, https:\/\/pflanzart.de\/wp-content\/uploads\/2017\/11\/hydrangea-440x294.jpg 440w\" sizes=\"auto, (max-width: 1100px) 100vw, 1100px\" \/>Etwas ungew\u00f6hnlich aber irgendwie ganz interessant finde ich dieses Duo hier: Gelbe Sonnenbraut (Helenium Hybride &#8216;Canaria&#8217;, eine alte noch von Karl Foerster stammende Sorte) mit Rispenhortensie (Hydrangea paniculata &#8216;Limelight&#8217;) deren Bl\u00fcten jetzt vom eigentlichen Gr\u00fcnweiss in einen Rosaton \u00fcbergehen.<img loading=\"lazy\" decoding=\"async\" class=\"aligncenter size-full wp-image-1736\" src=\"https:\/\/pflanzart.de\/wp-content\/uploads\/2017\/11\/pennisetum.jpg\" alt=\"\" width=\"1100\" height=\"734\" srcset=\"https:\/\/pflanzart.de\/wp-content\/uploads\/2017\/11\/pennisetum.jpg 1100w, https:\/\/pflanzart.de\/wp-content\/uploads\/2017\/11\/pennisetum-790x527.jpg 790w, https:\/\/pflanzart.de\/wp-content\/uploads\/2017\/11\/pennisetum-300x200.jpg 300w, https:\/\/pflanzart.de\/wp-content\/uploads\/2017\/11\/pennisetum-768x512.jpg 768w, https:\/\/pflanzart.de\/wp-content\/uploads\/2017\/11\/pennisetum-1024x683.jpg 1024w, https:\/\/pflanzart.de\/wp-content\/uploads\/2017\/11\/pennisetum-940x627.jpg 940w, https:\/\/pflanzart.de\/wp-content\/uploads\/2017\/11\/pennisetum-900x600.jpg 900w, https:\/\/pflanzart.de\/wp-content\/uploads\/2017\/11\/pennisetum-440x294.jpg 440w\" sizes=\"auto, (max-width: 1100px) 100vw, 1100px\" \/>Dieses Bild stammt noch von Anfang Oktober, aber diese Kombination stellt f\u00fcr mich einen Klassiker im Sp\u00e4tsommer- und Herbstbeet dar. Lampenputzergras (Pennisetum alopecuroides var. viridescens) mit Aster amellus &#8216;Veilchenk\u00f6nigin&#8217; die fast drei Monate lang bl\u00fcht und im Hintergrund der niedrigeren Sonnenbraut-Sorte Helenium cultorum &#8216;Mardi Gras&#8217;, die jetzt langsam verbl\u00fcht.<img loading=\"lazy\" decoding=\"async\" class=\"aligncenter size-full wp-image-1740\" src=\"https:\/\/pflanzart.de\/wp-content\/uploads\/2017\/11\/spinne.jpg\" alt=\"\" width=\"1100\" height=\"734\" srcset=\"https:\/\/pflanzart.de\/wp-content\/uploads\/2017\/11\/spinne.jpg 1100w, https:\/\/pflanzart.de\/wp-content\/uploads\/2017\/11\/spinne-790x527.jpg 790w, https:\/\/pflanzart.de\/wp-content\/uploads\/2017\/11\/spinne-300x200.jpg 300w, https:\/\/pflanzart.de\/wp-content\/uploads\/2017\/11\/spinne-768x512.jpg 768w, https:\/\/pflanzart.de\/wp-content\/uploads\/2017\/11\/spinne-1024x683.jpg 1024w, https:\/\/pflanzart.de\/wp-content\/uploads\/2017\/11\/spinne-940x627.jpg 940w, https:\/\/pflanzart.de\/wp-content\/uploads\/2017\/11\/spinne-900x600.jpg 900w, https:\/\/pflanzart.de\/wp-content\/uploads\/2017\/11\/spinne-440x294.jpg 440w\" sizes=\"auto, (max-width: 1100px) 100vw, 1100px\" \/>Zwischen den Halmen des Pennisetum baut eine Wespenspinne ihr Rad.<img loading=\"lazy\" decoding=\"async\" class=\"aligncenter size-full wp-image-1744\" src=\"https:\/\/pflanzart.de\/wp-content\/uploads\/2017\/10\/persicaria.jpg\" alt=\"\" width=\"826\" height=\"1100\" srcset=\"https:\/\/pflanzart.de\/wp-content\/uploads\/2017\/10\/persicaria.jpg 826w, https:\/\/pflanzart.de\/wp-content\/uploads\/2017\/10\/persicaria-790x1052.jpg 790w, https:\/\/pflanzart.de\/wp-content\/uploads\/2017\/10\/persicaria-225x300.jpg 225w, https:\/\/pflanzart.de\/wp-content\/uploads\/2017\/10\/persicaria-768x1023.jpg 768w, https:\/\/pflanzart.de\/wp-content\/uploads\/2017\/10\/persicaria-769x1024.jpg 769w\" sizes=\"auto, (max-width: 826px) 100vw, 826px\" \/>Der immer noch bl\u00fchende Kerzen-Kn\u00f6terich (Polygonum amplexicaule &#8216;Roseum&#8217;) wird noch von den Bienen aus Nachbars Garten besucht.<img loading=\"lazy\" decoding=\"async\" class=\"aligncenter size-full wp-image-1745\" src=\"https:\/\/pflanzart.de\/wp-content\/uploads\/2017\/10\/rudbeckia.jpg\" alt=\"\" width=\"1100\" height=\"734\" srcset=\"https:\/\/pflanzart.de\/wp-content\/uploads\/2017\/10\/rudbeckia.jpg 1100w, https:\/\/pflanzart.de\/wp-content\/uploads\/2017\/10\/rudbeckia-790x527.jpg 790w, https:\/\/pflanzart.de\/wp-content\/uploads\/2017\/10\/rudbeckia-300x200.jpg 300w, https:\/\/pflanzart.de\/wp-content\/uploads\/2017\/10\/rudbeckia-768x512.jpg 768w, https:\/\/pflanzart.de\/wp-content\/uploads\/2017\/10\/rudbeckia-1024x683.jpg 1024w, https:\/\/pflanzart.de\/wp-content\/uploads\/2017\/10\/rudbeckia-940x627.jpg 940w, https:\/\/pflanzart.de\/wp-content\/uploads\/2017\/10\/rudbeckia-900x600.jpg 900w, https:\/\/pflanzart.de\/wp-content\/uploads\/2017\/10\/rudbeckia-440x294.jpg 440w\" sizes=\"auto, (max-width: 1100px) 100vw, 1100px\" \/>Einer meiner Sp\u00e4tsommerlieblinge &#8211; obwohl gelb bl\u00fchend &#8211; ist der Schwachfilzige Sonnenhut (Rudbeckia subtomentosa &#8216;Henry Eilers&#8217;) mit seinen Bl\u00fctensternen. Leider ist er in diesem Jahr nach dem verregneten Sommer nicht ganz standfest und webt sich zwischen die benachbarten Pflanzen. Seine Bl\u00fcten sind unglaublich lange haltbar und durch die schmalen Bl\u00fctenbl\u00e4tter wirken sie sehr dezent. Damit passt er in fast jedes Beet ohne zu dominieren.<img loading=\"lazy\" decoding=\"async\" class=\"aligncenter size-full wp-image-1732\" src=\"https:\/\/pflanzart.de\/wp-content\/uploads\/2017\/11\/cornus.jpg\" alt=\"\" width=\"1100\" height=\"734\" srcset=\"https:\/\/pflanzart.de\/wp-content\/uploads\/2017\/11\/cornus.jpg 1100w, https:\/\/pflanzart.de\/wp-content\/uploads\/2017\/11\/cornus-790x527.jpg 790w, https:\/\/pflanzart.de\/wp-content\/uploads\/2017\/11\/cornus-300x200.jpg 300w, https:\/\/pflanzart.de\/wp-content\/uploads\/2017\/11\/cornus-768x512.jpg 768w, https:\/\/pflanzart.de\/wp-content\/uploads\/2017\/11\/cornus-1024x683.jpg 1024w, https:\/\/pflanzart.de\/wp-content\/uploads\/2017\/11\/cornus-940x627.jpg 940w, https:\/\/pflanzart.de\/wp-content\/uploads\/2017\/11\/cornus-900x600.jpg 900w, https:\/\/pflanzart.de\/wp-content\/uploads\/2017\/11\/cornus-440x294.jpg 440w\" sizes=\"auto, (max-width: 1100px) 100vw, 1100px\" \/>Der Blumenhartriegel (Cornus cousa chinensis) zeigt sich jetzt in strahlendem Herbstkleid.<img loading=\"lazy\" decoding=\"async\" class=\"aligncenter size-full wp-image-1737\" src=\"https:\/\/pflanzart.de\/wp-content\/uploads\/2017\/11\/schattenbeet.jpg\" alt=\"\" width=\"1100\" height=\"734\" srcset=\"https:\/\/pflanzart.de\/wp-content\/uploads\/2017\/11\/schattenbeet.jpg 1100w, https:\/\/pflanzart.de\/wp-content\/uploads\/2017\/11\/schattenbeet-790x527.jpg 790w, https:\/\/pflanzart.de\/wp-content\/uploads\/2017\/11\/schattenbeet-300x200.jpg 300w, https:\/\/pflanzart.de\/wp-content\/uploads\/2017\/11\/schattenbeet-768x512.jpg 768w, https:\/\/pflanzart.de\/wp-content\/uploads\/2017\/11\/schattenbeet-1024x683.jpg 1024w, https:\/\/pflanzart.de\/wp-content\/uploads\/2017\/11\/schattenbeet-940x627.jpg 940w, https:\/\/pflanzart.de\/wp-content\/uploads\/2017\/11\/schattenbeet-900x600.jpg 900w, https:\/\/pflanzart.de\/wp-content\/uploads\/2017\/11\/schattenbeet-440x294.jpg 440w\" sizes=\"auto, (max-width: 1100px) 100vw, 1100px\" \/>Mein im Fr\u00fchjahr neu angelegtes Schattenbeet ist ganz gut eingewachsen. Zu den letzten Bl\u00fchern hier z\u00e4hlt die Kr\u00f6tenlilie (Tricyrtis hirta), die ich im nassen Sommer wirklich hartn\u00e4ckig vor den Schnecken sch\u00fctzen musste. Der Buntblattkn\u00f6terich (Persicaria microcephala &#8216;Silver Brown&#8217;) hat sich schon ganz gut etabliert und mit seiner lebhaften Blattfarbe wirkt er fast genauso gut wie eine bl\u00fchende Staude.<img loading=\"lazy\" decoding=\"async\" class=\"aligncenter size-full wp-image-1738\" src=\"https:\/\/pflanzart.de\/wp-content\/uploads\/2017\/11\/tricyrtis.jpg\" alt=\"\" width=\"734\" height=\"1100\" srcset=\"https:\/\/pflanzart.de\/wp-content\/uploads\/2017\/11\/tricyrtis.jpg 734w, https:\/\/pflanzart.de\/wp-content\/uploads\/2017\/11\/tricyrtis-200x300.jpg 200w, https:\/\/pflanzart.de\/wp-content\/uploads\/2017\/11\/tricyrtis-683x1024.jpg 683w\" sizes=\"auto, (max-width: 734px) 100vw, 734px\" \/>Die Kr\u00f6tenlilie (Tricyrtis hirta) scheint auch bei den Bienen beliebt zu sein.<img loading=\"lazy\" decoding=\"async\" class=\"aligncenter size-full wp-image-1739\" src=\"https:\/\/pflanzart.de\/wp-content\/uploads\/2017\/11\/tricyrtis-1.jpg\" alt=\"\" width=\"1100\" height=\"734\" srcset=\"https:\/\/pflanzart.de\/wp-content\/uploads\/2017\/11\/tricyrtis-1.jpg 1100w, https:\/\/pflanzart.de\/wp-content\/uploads\/2017\/11\/tricyrtis-1-790x527.jpg 790w, https:\/\/pflanzart.de\/wp-content\/uploads\/2017\/11\/tricyrtis-1-300x200.jpg 300w, https:\/\/pflanzart.de\/wp-content\/uploads\/2017\/11\/tricyrtis-1-768x512.jpg 768w, https:\/\/pflanzart.de\/wp-content\/uploads\/2017\/11\/tricyrtis-1-1024x683.jpg 1024w, https:\/\/pflanzart.de\/wp-content\/uploads\/2017\/11\/tricyrtis-1-940x627.jpg 940w, https:\/\/pflanzart.de\/wp-content\/uploads\/2017\/11\/tricyrtis-1-900x600.jpg 900w, https:\/\/pflanzart.de\/wp-content\/uploads\/2017\/11\/tricyrtis-1-440x294.jpg 440w\" sizes=\"auto, (max-width: 1100px) 100vw, 1100px\" \/>Von der N\u00e4he sehen diese Bl\u00fcten wie kleine Kunstwerke aus.<img loading=\"lazy\" decoding=\"async\" class=\"aligncenter size-full wp-image-1733\" src=\"https:\/\/pflanzart.de\/wp-content\/uploads\/2017\/11\/cyclamen.jpg\" alt=\"\" width=\"1100\" height=\"734\" srcset=\"https:\/\/pflanzart.de\/wp-content\/uploads\/2017\/11\/cyclamen.jpg 1100w, https:\/\/pflanzart.de\/wp-content\/uploads\/2017\/11\/cyclamen-790x527.jpg 790w, https:\/\/pflanzart.de\/wp-content\/uploads\/2017\/11\/cyclamen-300x200.jpg 300w, https:\/\/pflanzart.de\/wp-content\/uploads\/2017\/11\/cyclamen-768x512.jpg 768w, https:\/\/pflanzart.de\/wp-content\/uploads\/2017\/11\/cyclamen-1024x683.jpg 1024w, https:\/\/pflanzart.de\/wp-content\/uploads\/2017\/11\/cyclamen-940x627.jpg 940w, https:\/\/pflanzart.de\/wp-content\/uploads\/2017\/11\/cyclamen-900x600.jpg 900w, https:\/\/pflanzart.de\/wp-content\/uploads\/2017\/11\/cyclamen-440x294.jpg 440w\" sizes=\"auto, (max-width: 1100px) 100vw, 1100px\" \/>Im letzten Fr\u00fchjahr hatte ich an verschiedenen Stellen Knollen vom Herbst-Alpenveilchen (Cyclamen hederifolium) in weiss und rosa gesteckt. In diesem Jahr haben einige schon zahlreiche Bl\u00fcten gebildet. Mit diesem h\u00fcbschen Herbstzwiebelbl\u00fcher lassen sich ansonsten gr\u00fcne Schattenbereiche noch ein wenig beleben. Auch das Laub hat z.T. eine recht h\u00fcbsche Zeichnung. Von diesen Kleinoden kann man eigentlich gar nicht genug im Garten haben.<img loading=\"lazy\" decoding=\"async\" class=\"aligncenter size-full wp-image-1741\" src=\"https:\/\/pflanzart.de\/wp-content\/uploads\/2017\/11\/herbstkrokus.jpg\" alt=\"\" width=\"1100\" height=\"734\" srcset=\"https:\/\/pflanzart.de\/wp-content\/uploads\/2017\/11\/herbstkrokus.jpg 1100w, https:\/\/pflanzart.de\/wp-content\/uploads\/2017\/11\/herbstkrokus-790x527.jpg 790w, https:\/\/pflanzart.de\/wp-content\/uploads\/2017\/11\/herbstkrokus-300x200.jpg 300w, https:\/\/pflanzart.de\/wp-content\/uploads\/2017\/11\/herbstkrokus-768x512.jpg 768w, https:\/\/pflanzart.de\/wp-content\/uploads\/2017\/11\/herbstkrokus-1024x683.jpg 1024w, https:\/\/pflanzart.de\/wp-content\/uploads\/2017\/11\/herbstkrokus-940x627.jpg 940w, https:\/\/pflanzart.de\/wp-content\/uploads\/2017\/11\/herbstkrokus-900x600.jpg 900w, https:\/\/pflanzart.de\/wp-content\/uploads\/2017\/11\/herbstkrokus-440x294.jpg 440w\" sizes=\"auto, (max-width: 1100px) 100vw, 1100px\" \/> Das Gleiche gilt f\u00fcr die Herbstkrokusse (Crocus speziosus). Im Gegensatz zu den Herbstzeitlosen, die im Fr\u00fchjahr f\u00fcr meine Begriffe recht \u00fcppige Blatthorste bilden die dann gelb werden und verschwinden um im Herbst die Bl\u00fcten zu bilden, entwickeln diese viel zartere Bl\u00fcten und Bl\u00e4tter die sich auch gut in niedrige Matten einf\u00fcgen, wie hier zwischen Thymian.<br \/>\nDa die kommenden Tage auch wieder verregnet und st\u00fcrmisch werden sollen, war das denke ich f\u00fcr dieses Jahr der letzte Bl\u00fctenrundgang im Garten.<br \/>\nIn der n\u00e4chsten Zeit geht es dann schon eher um die Vorbereitung der Beete f\u00fcr das kommende Jahr. Also Blumenzwiebeln stecken, denn die diesj\u00e4hrigen sind f\u00fcrchte ich komplett den W\u00fchlm\u00e4usen zum Opfer gefallen.<br \/>\nAber davon sp\u00e4ter mehr.<\/p>\n<p>Sch\u00f6nes Wochenende allen.<\/p>\n<p><span style=\"border-radius: 2px; text-indent: 20px; width: auto; padding: 0px 4px 0px 0px; text-align: center; font: bold 11px\/20px 'Helvetica Neue',Helvetica,sans-serif; color: #ffffff; background: #bd081c no-repeat scroll 3px 50% \/ 14px 14px; position: absolute; opacity: 1; z-index: 8675309; display: none; cursor: pointer; top: 5908px; left: 136px;\">Merken<\/span><\/p>\n<p><span style=\"border-radius: 2px; text-indent: 20px; width: auto; padding: 0px 4px 0px 0px; text-align: center; font: bold 11px\/20px 'Helvetica Neue',Helvetica,sans-serif; color: #ffffff; background: #bd081c no-repeat scroll 3px 50% \/ 14px 14px; position: absolute; opacity: 1; z-index: 8675309; display: none; cursor: pointer; top: 9616px; left: 136px;\">Merken<\/span><\/p>\n<p><span style=\"border-radius: 2px; text-indent: 20px; width: auto; padding: 0px 4px 0px 0px; text-align: center; font: bold 11px\/20px 'Helvetica Neue',Helvetica,sans-serif; color: #ffffff; background: #bd081c no-repeat scroll 3px 50% \/ 14px 14px; position: absolute; opacity: 1; z-index: 8675309; display: none; cursor: pointer; top: 10510px; left: 136px;\">Merken<\/span><\/p>\n<p><span style=\"border-radius: 2px; text-indent: 20px; width: auto; padding: 0px 4px 0px 0px; text-align: center; font: bold 11px\/20px 'Helvetica Neue',Helvetica,sans-serif; color: #ffffff; background: #bd081c no-repeat scroll 3px 50% \/ 14px 14px; position: absolute; opacity: 1; z-index: 8675309; display: none; cursor: pointer; top: 3268px; left: 136px;\">Merken<\/span><\/p>\n<p><span style=\"border-radius: 2px; text-indent: 20px; width: auto; padding: 0px 4px 0px 0px; text-align: center; font: bold 11px\/20px 'Helvetica Neue',Helvetica,sans-serif; color: #ffffff; background: #bd081c no-repeat scroll 3px 50% \/ 14px 14px; position: absolute; opacity: 1; z-index: 8675309; display: none; cursor: pointer; top: 3236px; left: 136px;\">Merken<\/span><\/p>\n<p><span style=\"border-radius: 2px; text-indent: 20px; width: auto; padding: 0px 4px 0px 0px; text-align: center; font: bold 11px\/20px 'Helvetica Neue',Helvetica,sans-serif; color: #ffffff; background: #bd081c no-repeat scroll 3px 50% \/ 14px 14px; position: absolute; opacity: 1; z-index: 8675309; display: none; cursor: pointer; top: 108px; left: 136px;\">Merken<\/span><\/p>\n<p><span style=\"border-radius: 2px; text-indent: 20px; width: auto; padding: 0px 4px 0px 0px; text-align: center; font: bold 11px\/20px 'Helvetica Neue',Helvetica,sans-serif; color: #ffffff; background: #bd081c no-repeat scroll 3px 50% \/ 14px 14px; position: absolute; opacity: 1; z-index: 8675309; display: none; cursor: pointer; top: 8246px; left: 136px;\">Merken<\/span><\/p>\n<p><span style=\"border-radius: 2px; text-indent: 20px; width: auto; padding: 0px 4px 0px 0px; text-align: center; font: bold 11px\/20px 'Helvetica Neue',Helvetica,sans-serif; color: #ffffff; background: #bd081c no-repeat scroll 3px 50% \/ 14px 14px; position: absolute; opacity: 1; z-index: 8675309; display: none; cursor: pointer; top: 2430px; left: 136px;\">Merken<\/span><\/p>\n<p><span style=\"border-radius: 2px; text-indent: 20px; width: auto; padding: 0px 4px 0px 0px; text-align: center; font: bold 11px\/20px 'Helvetica Neue',Helvetica,sans-serif; color: #ffffff; background: #bd081c no-repeat scroll 3px 50% \/ 14px 14px; position: absolute; opacity: 1; z-index: 8675309; display: none; cursor: pointer;\">Merken<\/span><\/p>\n<p><span style=\"border-radius: 2px; text-indent: 20px; width: auto; padding: 0px 4px 0px 0px; text-align: center; font: bold 11px\/20px 'Helvetica Neue',Helvetica,sans-serif; color: #ffffff; background: #bd081c no-repeat scroll 3px 50% \/ 14px 14px; position: absolute; opacity: 1; z-index: 8675309; display: none; cursor: pointer; top: 108px; left: 136px;\">Merken<\/span><\/p>\n<p><span style=\"border-radius: 2px; text-indent: 20px; width: auto; padding: 0px 4px 0px 0px; text-align: center; font: bold 11px\/20px 'Helvetica Neue',Helvetica,sans-serif; color: #ffffff; background: #bd081c no-repeat scroll 3px 50% \/ 14px 14px; position: absolute; opacity: 1; z-index: 8675309; display: none; cursor: pointer; top: 11740px; left: 136px;\">Merken<\/span><\/p>\n","protected":false},"excerpt":{"rendered":"<p>In den letzten Tagen hat mir die Zeit f\u00fcr den Garten gefehlt und auch das Wetter hat uns nicht gerade in den Garten&hellip;<\/p>\n","protected":false},"author":1,"featured_media":1728,"comment_status":"open","ping_status":"closed","sticky":false,"template":"","format":"standard","meta":{"footnotes":""},"categories":[20,15,9,11],"tags":[59,80,55],"class_list":["post-1726","post","type-post","status-publish","format-standard","has-post-thumbnail","hentry","category-garten","category-herbst","category-pflanzenkombinationen","category-stauden","tag-garten","tag-herbst","tag-stauden"],"aioseo_notices":[],"_links":{"self":[{"href":"https:\/\/pflanzart.de\/index.php?rest_route=\/wp\/v2\/posts\/1726","targetHints":{"allow":["GET"]}}],"collection":[{"href":"https:\/\/pflanzart.de\/index.php?rest_route=\/wp\/v2\/posts"}],"about":[{"href":"https:\/\/pflanzart.de\/index.php?rest_route=\/wp\/v2\/types\/post"}],"author":[{"embeddable":true,"href":"https:\/\/pflanzart.de\/index.php?rest_route=\/wp\/v2\/users\/1"}],"replies":[{"embeddable":true,"href":"https:\/\/pflanzart.de\/index.php?rest_route=%2Fwp%2Fv2%2Fcomments&post=1726"}],"version-history":[{"count":0,"href":"https:\/\/pflanzart.de\/index.php?rest_route=\/wp\/v2\/posts\/1726\/revisions"}],"wp:featuredmedia":[{"embeddable":true,"href":"https:\/\/pflanzart.de\/index.php?rest_route=\/wp\/v2\/media\/1728"}],"wp:attachment":[{"href":"https:\/\/pflanzart.de\/index.php?rest_route=%2Fwp%2Fv2%2Fmedia&parent=1726"}],"wp:term":[{"taxonomy":"category","embeddable":true,"href":"https:\/\/pflanzart.de\/index.php?rest_route=%2Fwp%2Fv2%2Fcategories&post=1726"},{"taxonomy":"post_tag","embeddable":true,"href":"https:\/\/pflanzart.de\/index.php?rest_route=%2Fwp%2Fv2%2Ftags&post=1726"}],"curies":[{"name":"wp","href":"https:\/\/api.w.org\/{rel}","templated":true}]}}