{"id":1578,"date":"2017-10-12T20:59:05","date_gmt":"2017-10-12T20:59:05","guid":{"rendered":"http:\/\/pflanzart.de\/?p=1578"},"modified":"2019-11-03T22:00:09","modified_gmt":"2019-11-03T22:00:09","slug":"dahlienfeuer-im-britzer-garten","status":"publish","type":"post","link":"https:\/\/pflanzart.de\/?p=1578","title":{"rendered":"Dahlienfeuer im Britzer Garten"},"content":{"rendered":"<p>Sp\u00e4tsommer und Herbst haben f\u00fcr mich immer etwas wehm\u00fctiges, bald ist die Zeit der \u00fcppigen Bl\u00fcte vorbei.<br \/>\nEin guter Zeitpunkt um einen der sch\u00f6nsten Parks in Berlin zu besuchen &#8211; den Britzer Garten. Als Gel\u00e4nde der Bundesgartenschau 1985 war er die erste gro\u00dfe Parkanlage die nach dem Krieg im damals noch geteilten Berlin entstand. Durch die Verbindung verschiedener Landschaftselemente ist der Park besonders vielseitig. Neben einer vielgestaltigen H\u00fcgel, T\u00e4ler- und Seenlandschaft findet man auch eine Heidelandschaft, weite Wiesenr\u00e4ume, dichte Geh\u00f6lzbest\u00e4nde, rauschende Wildb\u00e4che, stille Pfuhle und unterschiedliche Themeng\u00e4rten. Das Gesicht des ehemaligen Gartenschaugel\u00e4ndes ist allgegenw\u00e4rtig. Auch durch verschiedene jahreszeitliche H\u00f6hepunkte. Gerade jetzt im Sp\u00e4tsommer und Herbst bildet die Dahlienschau eine besondere Attraktion. Man muss dabei kein gro\u00dfer Fan von Dahlien sein um Gefallen an der Art zu finden wie diese gezeigt werden. Die Beete liegen in einer weitl\u00e4ufigen Wiesenlandschaft die von gro\u00dfen B\u00e4umen \u00fcberstanden ist. Das ergibt gerade an sonnigen Tagen Pflanzungen die sich in einem sch\u00f6nen Lichtspiel pr\u00e4sentieren.<br \/>\nIn den Beeten sorgen gro\u00dfe Buchskugeln und Gr\u00e4ser f\u00fcr eine ruhige Grundstruktur. <img loading=\"lazy\" decoding=\"async\" class=\"aligncenter wp-image-1580 size-large\" src=\"https:\/\/pflanzart.de\/wp-content\/uploads\/2017\/10\/britz12-1024x683.jpg\" alt=\"\" width=\"940\" height=\"627\" srcset=\"https:\/\/pflanzart.de\/wp-content\/uploads\/2017\/10\/britz12-1024x683.jpg 1024w, https:\/\/pflanzart.de\/wp-content\/uploads\/2017\/10\/britz12-790x527.jpg 790w, https:\/\/pflanzart.de\/wp-content\/uploads\/2017\/10\/britz12-300x200.jpg 300w, https:\/\/pflanzart.de\/wp-content\/uploads\/2017\/10\/britz12-768x512.jpg 768w, https:\/\/pflanzart.de\/wp-content\/uploads\/2017\/10\/britz12-940x627.jpg 940w, https:\/\/pflanzart.de\/wp-content\/uploads\/2017\/10\/britz12-900x600.jpg 900w, https:\/\/pflanzart.de\/wp-content\/uploads\/2017\/10\/britz12-440x294.jpg 440w, https:\/\/pflanzart.de\/wp-content\/uploads\/2017\/10\/britz12.jpg 1100w\" sizes=\"auto, (max-width: 940px) 100vw, 940px\" \/>Die Schaupflanzungen widmen sich verschiedenen Aspekten der Dahlienverwendung. Neben der reinen Pr\u00e4sentation von Pflanzungen nur aus Dahlien kann man auch Kombinationen aus Dahlien, Sommerblumen, Gr\u00e4sern, Kr\u00e4utern und Gem\u00fcsepflanzen bewundern. \u00dcber 8000 Dahlien in ca. 280 verschiedenen Sorten werden so gezeigt. Dadurch ist die Schau auch Inspiration f\u00fcr den eigenen Garten. Der F\u00f6rderkreis \u201eFreunde des Britzer Gartens e. V.\u201c ruft in jedem Jahr die Besucherinnen und Besucher auf, die sch\u00f6nste Dahlie per Stimmzettel zu w\u00e4hlen. Wer an der Eintrittskasse seine Stimmzettel abgibt kann dabei auch sch\u00f6ne Preise oder Jahreskarten 2018 f\u00fcr den Britzer Garten und die anderen Parks und G\u00e4rten der Gr\u00fcn Berlin GmbH gewinnen.<br \/>\nAuf Infotafeln kann man sich auch \u00fcber Themen rund um die Dahlie wie: Kulturgeschichte, Klassifizierung, Dahlien im Garten, Kultur und Pflege informieren.<img loading=\"lazy\" decoding=\"async\" class=\"aligncenter wp-image-1579 size-large\" src=\"https:\/\/pflanzart.de\/wp-content\/uploads\/2017\/10\/britz06-1024x683.jpg\" alt=\"\" width=\"940\" height=\"627\" srcset=\"https:\/\/pflanzart.de\/wp-content\/uploads\/2017\/10\/britz06-1024x683.jpg 1024w, https:\/\/pflanzart.de\/wp-content\/uploads\/2017\/10\/britz06-790x527.jpg 790w, https:\/\/pflanzart.de\/wp-content\/uploads\/2017\/10\/britz06-300x200.jpg 300w, https:\/\/pflanzart.de\/wp-content\/uploads\/2017\/10\/britz06-768x512.jpg 768w, https:\/\/pflanzart.de\/wp-content\/uploads\/2017\/10\/britz06-940x627.jpg 940w, https:\/\/pflanzart.de\/wp-content\/uploads\/2017\/10\/britz06-900x600.jpg 900w, https:\/\/pflanzart.de\/wp-content\/uploads\/2017\/10\/britz06-440x294.jpg 440w, https:\/\/pflanzart.de\/wp-content\/uploads\/2017\/10\/britz06.jpg 1100w\" sizes=\"auto, (max-width: 940px) 100vw, 940px\" \/>Zwischen den Beeten stehen auch immer wieder St\u00fchle von denen aus man wunderbar den Blick \u00fcber die Pflanzungen schweifen lassen kann.<img loading=\"lazy\" decoding=\"async\" class=\"aligncenter wp-image-1582 size-large\" src=\"https:\/\/pflanzart.de\/wp-content\/uploads\/2017\/10\/britz05-1024x683.jpg\" alt=\"\" width=\"940\" height=\"627\" srcset=\"https:\/\/pflanzart.de\/wp-content\/uploads\/2017\/10\/britz05-1024x683.jpg 1024w, https:\/\/pflanzart.de\/wp-content\/uploads\/2017\/10\/britz05-790x527.jpg 790w, https:\/\/pflanzart.de\/wp-content\/uploads\/2017\/10\/britz05-300x200.jpg 300w, https:\/\/pflanzart.de\/wp-content\/uploads\/2017\/10\/britz05-768x512.jpg 768w, https:\/\/pflanzart.de\/wp-content\/uploads\/2017\/10\/britz05-940x627.jpg 940w, https:\/\/pflanzart.de\/wp-content\/uploads\/2017\/10\/britz05-900x600.jpg 900w, https:\/\/pflanzart.de\/wp-content\/uploads\/2017\/10\/britz05-440x294.jpg 440w, https:\/\/pflanzart.de\/wp-content\/uploads\/2017\/10\/britz05.jpg 1100w\" sizes=\"auto, (max-width: 940px) 100vw, 940px\" \/>Diese pinke Ball-Dahlie wirkte mit Pennisetum macrourum zusammen sehr frisch und irgendwie noch gar nicht herbstlich. <img loading=\"lazy\" decoding=\"async\" class=\"aligncenter wp-image-1583 size-large\" src=\"https:\/\/pflanzart.de\/wp-content\/uploads\/2017\/10\/britz09-1024x683.jpg\" alt=\"\" width=\"940\" height=\"627\" srcset=\"https:\/\/pflanzart.de\/wp-content\/uploads\/2017\/10\/britz09-1024x683.jpg 1024w, https:\/\/pflanzart.de\/wp-content\/uploads\/2017\/10\/britz09-790x527.jpg 790w, https:\/\/pflanzart.de\/wp-content\/uploads\/2017\/10\/britz09-300x200.jpg 300w, https:\/\/pflanzart.de\/wp-content\/uploads\/2017\/10\/britz09-768x512.jpg 768w, https:\/\/pflanzart.de\/wp-content\/uploads\/2017\/10\/britz09-940x627.jpg 940w, https:\/\/pflanzart.de\/wp-content\/uploads\/2017\/10\/britz09-900x600.jpg 900w, https:\/\/pflanzart.de\/wp-content\/uploads\/2017\/10\/britz09-440x294.jpg 440w, https:\/\/pflanzart.de\/wp-content\/uploads\/2017\/10\/britz09.jpg 1100w\" sizes=\"auto, (max-width: 940px) 100vw, 940px\" \/>In sonnigem Orange-Gelb wirkt diese Dahlie (&#8216;Tahiti Sunrise&#8217;? leider hab ich das Schild nicht gefunden) zusammen mit meinem Lieblingsziertabak (Nicotiana mutabilis) sehr sommerlich und fr\u00f6hlich. Eine Kombination die mir auch im eigenen Garten gefallen w\u00fcrde.<img loading=\"lazy\" decoding=\"async\" class=\"aligncenter wp-image-1584 size-large\" src=\"https:\/\/pflanzart.de\/wp-content\/uploads\/2017\/10\/britz11-1024x683.jpg\" alt=\"\" width=\"940\" height=\"627\" srcset=\"https:\/\/pflanzart.de\/wp-content\/uploads\/2017\/10\/britz11-1024x683.jpg 1024w, https:\/\/pflanzart.de\/wp-content\/uploads\/2017\/10\/britz11-790x527.jpg 790w, https:\/\/pflanzart.de\/wp-content\/uploads\/2017\/10\/britz11-300x200.jpg 300w, https:\/\/pflanzart.de\/wp-content\/uploads\/2017\/10\/britz11-768x512.jpg 768w, https:\/\/pflanzart.de\/wp-content\/uploads\/2017\/10\/britz11-940x627.jpg 940w, https:\/\/pflanzart.de\/wp-content\/uploads\/2017\/10\/britz11-900x600.jpg 900w, https:\/\/pflanzart.de\/wp-content\/uploads\/2017\/10\/britz11-440x294.jpg 440w, https:\/\/pflanzart.de\/wp-content\/uploads\/2017\/10\/britz11.jpg 1100w\" sizes=\"auto, (max-width: 940px) 100vw, 940px\" \/>Diese verwobene Mischung aus Schmuckk\u00f6rbchen und Ziertabak wirkt schon etwas herbstlich verg\u00e4nglich.<img loading=\"lazy\" decoding=\"async\" class=\"aligncenter wp-image-1585 size-large\" src=\"https:\/\/pflanzart.de\/wp-content\/uploads\/2017\/10\/britz13-1024x683.jpg\" alt=\"\" width=\"940\" height=\"627\" srcset=\"https:\/\/pflanzart.de\/wp-content\/uploads\/2017\/10\/britz13-1024x683.jpg 1024w, https:\/\/pflanzart.de\/wp-content\/uploads\/2017\/10\/britz13-790x527.jpg 790w, https:\/\/pflanzart.de\/wp-content\/uploads\/2017\/10\/britz13-300x200.jpg 300w, https:\/\/pflanzart.de\/wp-content\/uploads\/2017\/10\/britz13-768x512.jpg 768w, https:\/\/pflanzart.de\/wp-content\/uploads\/2017\/10\/britz13-940x627.jpg 940w, https:\/\/pflanzart.de\/wp-content\/uploads\/2017\/10\/britz13-900x600.jpg 900w, https:\/\/pflanzart.de\/wp-content\/uploads\/2017\/10\/britz13-440x294.jpg 440w, https:\/\/pflanzart.de\/wp-content\/uploads\/2017\/10\/britz13.jpg 1100w\" sizes=\"auto, (max-width: 940px) 100vw, 940px\" \/>Einfach bl\u00fchende Dahlien haben gegen\u00fcber den grossbl\u00fctigen Schmuckdahlien viele Vorteile, sie sind meist bei Bienen und Schmetterlingen sehr beliebt und lassen sich auch wunderbar mit Gr\u00e4sern und anderen Sommerblumen kombinieren. Ausserdem ben\u00f6tigen sie meist keine St\u00fctze da ihre Bl\u00fcten auch nach Regeng\u00fcssen nicht umkippen.<br \/>\nNeben der Dahlienschau bietet der Britzer Garten im Herbst auch viele andere sch\u00f6ne Partien im Park die lohnenswert sind \u00fcber die ich aber heute nicht ausf\u00fchrlich berichten will. Daher nur schnell ein paar Bilder dazu.<\/p>\n<p>Durch Klicken vergr\u00f6\u00dfern sich die folgenden Bilder:<\/p>\n<div id=\"grid-gallery-13-83559\" data-gg-id=\"13\" data-title=\"BritzOktober\" data-grid-type=\"1\" data-offset=\"0\" data-area-position=\"center\" data-icons=\"\" data-preloader=\"true\" data-width=\"215\" data-height=\"\" data-padding=\"0\" data-quicksand=\"disabled\" data-quicksand-duration=\"none\" data-popup-theme=\"theme_6\" data-popup-type=\"pretty-photo\" data-popup-image-text=\"data-caption\" data-popup-widthsize=\"auto\" data-popup-heightsize=\"auto\" data-popup-i18n-words=\"{&quot;close&quot;:&quot;schlie\\u00dfen&quot;,&quot;next&quot;:&quot;n\\u00e4chste&quot;,&quot;previous&quot;:&quot;vorherige&quot;,&quot;start_slideshow&quot;:&quot;Starte Slideshow&quot;,&quot;stop_slideshow&quot;:&quot;Stoppe Slideshow&quot;,&quot;image&quot;:&quot;Bild&quot;,&quot;of&quot;:&quot;von&quot;,&quot;prev&quot;:&quot;vorherige&quot;,&quot;cExpand&quot;:&quot;Erweitere&quot;,&quot;cPrevious&quot;:&quot;Vorheriges&quot;,&quot;cNext&quot;:&quot;N\\u00e4chstes&quot;,&quot;cExpandStr&quot;:&quot;Erweitere Bild&quot;,&quot;cRotate&quot;:&quot;Rotate&quot;,&quot;cDetails&quot;:&quot;Details&quot;}\" data-popup-slideshow=\"false\" data-popup-slideshow-speed=\"2500\" data-popup-hoverstop=\"false\" data-popup-slideshow-auto=\"false\" data-popup-background=\"\" data-popup-transparency=\"30\" data-popup-disable-history=\"\" data-popup-disable-changed-url=\"\" data-popup-border-type=\"\" data-popup-border-color=\"\" data-popup-border-width=\"\" data-popup-border-enable=\"\" data-fullscreen=\"false\" data-hide-tooltip=\"false\" data-caption-font-family=\"Default\" data-caption-text-size=\"100\" data-is-mobile=\"0\" data-caption-mobile=\"false\" data-hide-long-tltp-title=\"0\" data-caption-disabled-on-mobile=\"false\" data-popup-placement-type=\"0\" data-social-sharing=\"{&quot;enabled&quot;:&quot;&quot;,&quot;gallerySharing&quot;:{&quot;enabled&quot;:null,&quot;position&quot;:null},&quot;imageSharing&quot;:{&quot;enabled&quot;:null,&quot;wrapperClass&quot;:&quot; vertical &quot;},&quot;popupSharing&quot;:{&quot;enabled&quot;:null,&quot;wrapperClass&quot;:&quot; vertical &quot;}}\" class=\"grid-gallery grid-gallery-fluid-height \" style=\" width:100%; height:auto; margin-left:auto; margin-right:auto;position:relative;\"> <div class=\"gallery-loading\"> <div class=\"blocks\"> <div class=\"block\"><\/div> <div class=\"block\"><\/div> <div class=\"block\"><\/div> <div class=\"block\"><\/div> <\/div> <\/div> <div class=\"gallery-sharing-top\" style=\"display:none;\"> <\/div> <div id=\"photos-13\" class=\"grid-gallery-photos\"><FIGURE class=\"grid-gallery-caption\" data-grid-gallery-type=\"quarter-slide-up\" data-index=\"0\" style=\"display:none;border-radius:00;; margin:0px; width:2150;\" ><div class=\"crop\" style=\"\"><img decoding=\"async\" src=\"https:\/\/pflanzart.de\/wp-content\/uploads\/2017\/10\/britz10-215x143.jpg\" class=\"ggImg\" alt=\"britz10\" title=\"britz10\" data-description=\"britz10\" data-caption=\"Dahliengarten\" data-title=\"britz10\" style=\" width:215px;\" \/><\/div><FIGCAPTION class=\"\" data-alpha=\"5\" style=\"color:#ffffff; background-color:#0a076d; font-size:100; text-align:left; font-family:Default;\" ><div class=\"grid-gallery-figcaption-wrap\" style=\"\"><\/div><\/FIGCAPTION><\/FIGURE><FIGURE class=\"grid-gallery-caption\" data-grid-gallery-type=\"quarter-slide-up\" data-index=\"1\" style=\"display:none;border-radius:00;; margin:0px; width:2150;\" ><div class=\"crop\" style=\"\"><img decoding=\"async\" src=\"https:\/\/pflanzart.de\/wp-content\/uploads\/2017\/10\/britz08-215x143.jpg\" class=\"ggImg\" alt=\"britz08\" title=\"britz08\" data-description=\"britz08\" data-caption=\"Blick \u00fcber die Dahlienbeete\" data-title=\"britz08\" style=\" width:215px;\" \/><\/div><FIGCAPTION class=\"\" data-alpha=\"5\" style=\"color:#ffffff; background-color:#0a076d; font-size:100; text-align:left; font-family:Default;\" ><div class=\"grid-gallery-figcaption-wrap\" style=\"\"><\/div><\/FIGCAPTION><\/FIGURE><FIGURE class=\"grid-gallery-caption\" data-grid-gallery-type=\"quarter-slide-up\" data-index=\"2\" style=\"display:none;border-radius:00;; margin:0px; width:2150;\" ><div class=\"crop\" style=\"\"><img decoding=\"async\" src=\"https:\/\/pflanzart.de\/wp-content\/uploads\/2017\/10\/britz07-215x143.jpg\" class=\"ggImg\" alt=\"britz07\" title=\"britz07\" data-description=\"britz07\" data-caption=\"Gr\u00e4ser, hier Pennisetum macrourum, lockern die Sortenreinen Dahlienpflanzungen auf\" data-title=\"britz07\" style=\" width:215px;\" \/><\/div><FIGCAPTION class=\"\" data-alpha=\"5\" style=\"color:#ffffff; background-color:#0a076d; font-size:100; text-align:left; font-family:Default;\" ><div class=\"grid-gallery-figcaption-wrap\" style=\"\"><\/div><\/FIGCAPTION><\/FIGURE><FIGURE class=\"grid-gallery-caption\" data-grid-gallery-type=\"quarter-slide-up\" data-index=\"3\" style=\"display:none;border-radius:00;; margin:0px; width:2150;\" ><div class=\"crop\" style=\"\"><img decoding=\"async\" src=\"https:\/\/pflanzart.de\/wp-content\/uploads\/2017\/10\/britz01-215x143.jpg\" class=\"ggImg\" alt=\"britz01\" title=\"britz01\" data-description=\"britz01\" data-caption=\"Hecken ges\u00e4umter Zugang zu den Themeng\u00e4rten\" data-title=\"britz01\" style=\" width:215px;\" \/><\/div><FIGCAPTION class=\"\" data-alpha=\"5\" style=\"color:#ffffff; background-color:#0a076d; font-size:100; text-align:left; font-family:Default;\" ><div class=\"grid-gallery-figcaption-wrap\" style=\"\"><\/div><\/FIGCAPTION><\/FIGURE><FIGURE class=\"grid-gallery-caption\" data-grid-gallery-type=\"quarter-slide-up\" data-index=\"4\" style=\"display:none;border-radius:00;; margin:0px; width:2150;\" ><div class=\"crop\" style=\"\"><img decoding=\"async\" src=\"https:\/\/pflanzart.de\/wp-content\/uploads\/2017\/10\/britz02-215x143.jpg\" class=\"ggImg\" alt=\"britz02\" title=\"britz02\" data-description=\"britz02\" data-caption=\"Einer der Ausstellungsg\u00e4rten in herbstlicher Bl\u00fctenpracht\" data-title=\"britz02\" style=\" width:215px;\" \/><\/div><FIGCAPTION class=\"\" data-alpha=\"5\" style=\"color:#ffffff; background-color:#0a076d; font-size:100; text-align:left; font-family:Default;\" ><div class=\"grid-gallery-figcaption-wrap\" style=\"\"><\/div><\/FIGCAPTION><\/FIGURE><FIGURE class=\"grid-gallery-caption\" data-grid-gallery-type=\"quarter-slide-up\" data-index=\"5\" style=\"display:none;border-radius:00;; margin:0px; width:2150;\" ><div class=\"crop\" style=\"\"><img decoding=\"async\" src=\"https:\/\/pflanzart.de\/wp-content\/uploads\/2017\/10\/britz03-215x143.jpg\" class=\"ggImg\" alt=\"britz03\" title=\"britz03\" data-description=\"britz03\" data-caption=\"Herbstliche Heckenr\u00e4ume in den Themeng\u00e4rten\" data-title=\"britz03\" style=\" width:215px;\" \/><\/div><FIGCAPTION class=\"\" data-alpha=\"5\" style=\"color:#ffffff; background-color:#0a076d; font-size:100; text-align:left; font-family:Default;\" ><div class=\"grid-gallery-figcaption-wrap\" style=\"\"><\/div><\/FIGCAPTION><\/FIGURE><FIGURE class=\"grid-gallery-caption\" data-grid-gallery-type=\"quarter-slide-up\" data-index=\"6\" style=\"display:none;border-radius:00;; margin:0px; width:2150;\" ><div class=\"crop\" style=\"\"><img decoding=\"async\" src=\"https:\/\/pflanzart.de\/wp-content\/uploads\/2017\/10\/britz04-215x143.jpg\" class=\"ggImg\" alt=\"britz04\" title=\"britz04\" data-description=\"britz04\" data-caption=\"Einer der Ausstellungsg\u00e4rten\" data-title=\"britz04\" style=\" width:215px;\" \/><\/div><FIGCAPTION class=\"\" data-alpha=\"5\" style=\"color:#ffffff; background-color:#0a076d; font-size:100; text-align:left; font-family:Default;\" ><div class=\"grid-gallery-figcaption-wrap\" style=\"\"><\/div><\/FIGCAPTION><\/FIGURE><FIGURE class=\"grid-gallery-caption\" data-grid-gallery-type=\"quarter-slide-up\" data-index=\"7\" style=\"display:none;border-radius:00;; margin:0px; width:2150;\" ><div class=\"crop\" style=\"\"><img decoding=\"async\" src=\"https:\/\/pflanzart.de\/wp-content\/uploads\/2017\/10\/britz15-215x143.jpg\" class=\"ggImg\" alt=\"britz15\" title=\"britz15\" data-description=\"britz15\" data-caption=\"Blick \u00fcber den Hauptsee zur Rhizomatischen Br\u00fccke\" data-title=\"britz15\" style=\" width:215px;\" \/><\/div><FIGCAPTION class=\"\" data-alpha=\"5\" style=\"color:#ffffff; background-color:#0a076d; font-size:100; text-align:left; font-family:Default;\" ><div class=\"grid-gallery-figcaption-wrap\" style=\"\"><\/div><\/FIGCAPTION><\/FIGURE><FIGURE class=\"grid-gallery-caption\" data-grid-gallery-type=\"quarter-slide-up\" data-index=\"8\" style=\"display:none;border-radius:00;; margin:0px; width:2150;\" ><div class=\"crop\" style=\"\"><img decoding=\"async\" src=\"https:\/\/pflanzart.de\/wp-content\/uploads\/2017\/10\/britz16-215x143.jpg\" class=\"ggImg\" alt=\"britz16\" title=\"britz16\" data-description=\"britz16\" data-caption=\"Der formale Teil des Karl-Foerster-Staudengartens\" data-title=\"britz16\" style=\" width:215px;\" \/><\/div><FIGCAPTION class=\"\" data-alpha=\"5\" style=\"color:#ffffff; background-color:#0a076d; font-size:100; text-align:left; font-family:Default;\" ><div class=\"grid-gallery-figcaption-wrap\" style=\"\"><\/div><\/FIGCAPTION><\/FIGURE><FIGURE class=\"grid-gallery-caption\" data-grid-gallery-type=\"quarter-slide-up\" data-index=\"9\" style=\"display:none;border-radius:00;; margin:0px; width:2150;\" ><div class=\"crop\" style=\"\"><img decoding=\"async\" src=\"https:\/\/pflanzart.de\/wp-content\/uploads\/2017\/10\/britz17-215x143.jpg\" class=\"ggImg\" alt=\"britz17\" title=\"britz17\" data-description=\"britz17\" data-caption=\"Aster novae-angliae-Sorten leuchten in violetten Farbschattierungen um die Wette\" data-title=\"britz17\" style=\" width:215px;\" \/><\/div><FIGCAPTION class=\"\" data-alpha=\"5\" style=\"color:#ffffff; background-color:#0a076d; font-size:100; text-align:left; font-family:Default;\" ><div class=\"grid-gallery-figcaption-wrap\" style=\"\"><\/div><\/FIGCAPTION><\/FIGURE><FIGURE class=\"grid-gallery-caption\" data-grid-gallery-type=\"quarter-slide-up\" data-index=\"10\" style=\"display:none;border-radius:00;; margin:0px; width:2150;\" ><div class=\"crop\" style=\"\"><img decoding=\"async\" src=\"https:\/\/pflanzart.de\/wp-content\/uploads\/2017\/10\/britz18-215x143.jpg\" class=\"ggImg\" alt=\"britz18\" title=\"britz18\" data-description=\"britz18\" data-caption=\"In vielen Bereichen des Karl-Foerster-Staudengartens dominieren warme Herbstt\u00f6ne\" data-title=\"britz18\" style=\" width:215px;\" \/><\/div><FIGCAPTION class=\"\" data-alpha=\"5\" style=\"color:#ffffff; background-color:#0a076d; font-size:100; text-align:left; font-family:Default;\" ><div class=\"grid-gallery-figcaption-wrap\" style=\"\"><\/div><\/FIGCAPTION><\/FIGURE><FIGURE class=\"grid-gallery-caption\" data-grid-gallery-type=\"quarter-slide-up\" data-index=\"11\" style=\"display:none;border-radius:00;; margin:0px; width:2150;\" ><div class=\"crop\" style=\"\"><img decoding=\"async\" src=\"https:\/\/pflanzart.de\/wp-content\/uploads\/2017\/10\/britz18-2-215x143.jpg\" class=\"ggImg\" alt=\"britz18-2\" title=\"britz18-2\" data-description=\"britz18-2\" data-caption=\"Im Rosengarten leuchten die letzten Bl\u00fcten\" data-title=\"britz18-2\" style=\" width:215px;\" \/><\/div><FIGCAPTION class=\"\" data-alpha=\"5\" style=\"color:#ffffff; background-color:#0a076d; font-size:100; text-align:left; font-family:Default;\" ><div class=\"grid-gallery-figcaption-wrap\" style=\"\"><\/div><\/FIGCAPTION><\/FIGURE> <div class=\"grid-gallery-clearfix\"><\/div> <\/div> <div class=\"gallery-sharing-bottom\" style=\"display:none;\"> <\/div> <div class=\"gallery-sharing-image\" style=\"display:none;\"> <\/div> <div class=\"gallery-sharing-popup\" style=\"display:none;\"> <\/div> <div class=\"grid-gallery-clearfix\"><\/div> <\/div> <!-- Gallery by Supsystic plugin1.16.0 --><a title=\"Gallery Wordpress\" style=\"display:none;\" href=\"https:\/\/supsystic.com\/plugins\/photo-gallery\/?utm_medium=love_link\" target=\"_blank\">Gallery Wordpress<\/a>\n<p>Dahlienfeuer im Britzer Garten:<br \/>\nj\u00e4hrlich ab Mitte August t\u00e4glich (bis zum ersten Frost) von 9 bis 20 Uhr<\/p>\n<p><strong>Eintrittspreis (Parkeintritt) <\/strong>w\u00e4hrend der Dahlienschau:<br \/>\n3,00 EUR (erm\u00e4\u00dfigt 1,50 EUR)<\/p>\n<p><span style=\"border-radius: 2px; text-indent: 20px; width: auto; padding: 0px 4px 0px 0px; text-align: center; font: bold 11px\/20px 'Helvetica Neue',Helvetica,sans-serif; color: #ffffff; background: #bd081c no-repeat scroll 3px 50% \/ 14px 14px; position: absolute; opacity: 1; z-index: 8675309; display: none; cursor: pointer; top: 3251px; left: 216px;\">Merken<\/span><\/p>\n<p><span style=\"border-radius: 2px; text-indent: 20px; width: auto; padding: 0px 4px 0px 0px; text-align: center; font: bold 11px\/20px 'Helvetica Neue',Helvetica,sans-serif; color: #ffffff; background: #bd081c no-repeat scroll 3px 50% \/ 14px 14px; position: absolute; opacity: 1; z-index: 8675309; display: none; cursor: pointer;\">Merken<\/span><\/p>\n<p><span style=\"border-radius: 2px; text-indent: 20px; width: auto; padding: 0px 4px 0px 0px; text-align: center; font: bold 11px\/20px 'Helvetica Neue',Helvetica,sans-serif; color: #ffffff; background: #bd081c no-repeat scroll 3px 50% \/ 14px 14px; position: absolute; opacity: 1; z-index: 8675309; display: none; cursor: pointer; top: 3459px; left: 216px;\">Merken<\/span><\/p>\n<p><span style=\"border-radius: 2px; text-indent: 20px; width: auto; padding: 0px 4px 0px 0px; text-align: center; font: bold 11px\/20px 'Helvetica Neue',Helvetica,sans-serif; color: #ffffff; background: #bd081c no-repeat scroll 3px 50% \/ 14px 14px; position: absolute; opacity: 1; z-index: 8675309; display: none; cursor: pointer; top: 3459px; left: 216px;\">Merken<\/span><\/p>\n<p><span style=\"border-radius: 2px; text-indent: 20px; width: auto; padding: 0px 4px 0px 0px; text-align: center; font: bold 11px\/20px 'Helvetica Neue',Helvetica,sans-serif; color: #ffffff; background: #bd081c no-repeat scroll 3px 50% \/ 14px 14px; position: absolute; opacity: 1; z-index: 8675309; display: none; cursor: pointer; top: 204px; left: 216px;\">Merken<\/span><\/p>\n<p><span style=\"border-radius: 2px; text-indent: 20px; width: auto; padding: 0px 4px 0px 0px; text-align: center; font: bold 11px\/20px 'Helvetica Neue',Helvetica,sans-serif; color: #ffffff; background: #bd081c no-repeat scroll 3px 50% \/ 14px 14px; position: absolute; opacity: 1; z-index: 8675309; display: none; cursor: pointer; top: 967px; left: 216px;\">Merken<\/span><\/p>\n<p><span style=\"border-radius: 2px; text-indent: 20px; width: auto; padding: 0px 4px 0px 0px; text-align: center; font: bold 11px\/20px 'Helvetica Neue',Helvetica,sans-serif; color: #ffffff; background: #bd081c no-repeat scroll 3px 50% \/ 14px 14px; position: absolute; opacity: 1; z-index: 8675309; display: none; cursor: pointer; top: 2285px; left: 216px;\">Merken<\/span><\/p>\n<p><span style=\"border-radius: 2px; text-indent: 20px; width: auto; padding: 0px 4px 0px 0px; text-align: center; font: bold 11px\/20px 'Helvetica Neue',Helvetica,sans-serif; color: #ffffff; background: #bd081c no-repeat scroll 3px 50% \/ 14px 14px; position: absolute; opacity: 1; z-index: 8675309; display: none; cursor: pointer; top: 204px; left: 216px;\">Merken<\/span><\/p>\n<p><span style=\"border-radius: 2px; text-indent: 20px; width: auto; padding: 0px 4px 0px 0px; text-align: center; font: bold 11px\/20px 'Helvetica Neue',Helvetica,sans-serif; color: #ffffff; background: #bd081c no-repeat scroll 3px 50% \/ 14px 14px; position: absolute; opacity: 1; z-index: 8675309; display: none; cursor: pointer; top: 228px; left: 216px;\">Merken<\/span><\/p>\n<p><span style=\"border-radius: 2px; text-indent: 20px; width: auto; padding: 0px 4px 0px 0px; text-align: center; font: bold 11px\/20px 'Helvetica Neue',Helvetica,sans-serif; color: #ffffff; background: #bd081c no-repeat scroll 3px 50% \/ 14px 14px; position: absolute; opacity: 1; z-index: 8675309; display: none; cursor: pointer; top: 228px; left: 216px;\">Merken<\/span><\/p>\n<p><span style=\"border-radius: 2px; text-indent: 20px; width: auto; padding: 0px 4px 0px 0px; text-align: center; font: bold 11px\/20px 'Helvetica Neue',Helvetica,sans-serif; color: #ffffff; background: #bd081c no-repeat scroll 3px 50% \/ 14px 14px; position: absolute; opacity: 1; z-index: 8675309; display: none; cursor: pointer; top: 3627px; left: 216px;\">Merken<\/span><\/p>\n<p><span style=\"border-radius: 2px; text-indent: 20px; width: auto; padding: 0px 4px 0px 0px; text-align: center; font: bold 11px\/20px 'Helvetica Neue',Helvetica,sans-serif; color: #ffffff; background: #bd081c no-repeat scroll 3px 50% \/ 14px 14px; position: absolute; opacity: 1; z-index: 8675309; display: none; cursor: pointer; top: 2976px; left: 216px;\">Merken<\/span><\/p>\n<p><span style=\"border-radius: 2px; text-indent: 20px; width: auto; padding: 0px 4px 0px 0px; text-align: center; font: bold 11px\/20px 'Helvetica Neue',Helvetica,sans-serif; color: #ffffff; background: #bd081c no-repeat scroll 3px 50% \/ 14px 14px; position: absolute; opacity: 1; z-index: 8675309; display: none; cursor: pointer;\">Merken<\/span><\/p>\n<p><span style=\"border-radius: 2px; text-indent: 20px; width: auto; padding: 0px 4px 0px 0px; text-align: center; font: bold 11px\/20px 'Helvetica Neue',Helvetica,sans-serif; color: #ffffff; background: #bd081c  no-repeat scroll 3px 50% \/ 14px 14px; position: absolute; opacity: 1; z-index: 8675309; display: none; cursor: pointer;\">Merken<\/span><\/p>\n","protected":false},"excerpt":{"rendered":"<p>Sp\u00e4tsommer und Herbst haben f\u00fcr mich immer etwas wehm\u00fctiges, bald ist die Zeit der \u00fcppigen Bl\u00fcte vorbei. Ein guter Zeitpunkt um einen der&hellip;<\/p>\n","protected":false},"author":1,"featured_media":1581,"comment_status":"open","ping_status":"closed","sticky":false,"template":"","format":"standard","meta":{"footnotes":""},"categories":[10,15],"tags":[60,80,56],"class_list":["post-1578","post","type-post","status-publish","format-standard","has-post-thumbnail","hentry","category-gaerten","category-herbst","tag-gaerten","tag-herbst","tag-wechselflor"],"aioseo_notices":[],"_links":{"self":[{"href":"https:\/\/pflanzart.de\/index.php?rest_route=\/wp\/v2\/posts\/1578","targetHints":{"allow":["GET"]}}],"collection":[{"href":"https:\/\/pflanzart.de\/index.php?rest_route=\/wp\/v2\/posts"}],"about":[{"href":"https:\/\/pflanzart.de\/index.php?rest_route=\/wp\/v2\/types\/post"}],"author":[{"embeddable":true,"href":"https:\/\/pflanzart.de\/index.php?rest_route=\/wp\/v2\/users\/1"}],"replies":[{"embeddable":true,"href":"https:\/\/pflanzart.de\/index.php?rest_route=%2Fwp%2Fv2%2Fcomments&post=1578"}],"version-history":[{"count":0,"href":"https:\/\/pflanzart.de\/index.php?rest_route=\/wp\/v2\/posts\/1578\/revisions"}],"wp:featuredmedia":[{"embeddable":true,"href":"https:\/\/pflanzart.de\/index.php?rest_route=\/wp\/v2\/media\/1581"}],"wp:attachment":[{"href":"https:\/\/pflanzart.de\/index.php?rest_route=%2Fwp%2Fv2%2Fmedia&parent=1578"}],"wp:term":[{"taxonomy":"category","embeddable":true,"href":"https:\/\/pflanzart.de\/index.php?rest_route=%2Fwp%2Fv2%2Fcategories&post=1578"},{"taxonomy":"post_tag","embeddable":true,"href":"https:\/\/pflanzart.de\/index.php?rest_route=%2Fwp%2Fv2%2Ftags&post=1578"}],"curies":[{"name":"wp","href":"https:\/\/api.w.org\/{rel}","templated":true}]}}